{"id":2643,"date":"2026-03-14T17:02:36","date_gmt":"2026-03-14T16:02:36","guid":{"rendered":"https:\/\/www.ffneustift.at\/?p=2643"},"modified":"2026-03-14T17:02:39","modified_gmt":"2026-03-14T16:02:39","slug":"erfolgreicher-abschluss-des-kurses-grundlagen-fuehrung","status":"publish","type":"post","link":"https:\/\/www.ffneustift.at\/?p=2643","title":{"rendered":"Erfolgreicher Abschluss des Kurses \u201eGrundlagen F\u00fchrung\u201c"},"content":{"rendered":"\n<h2 class=\"wp-block-heading\"><\/h2>\n\n\n\n<p>Am 13. und 14. M\u00e4rz nahmen Marvin Kirchhofer und Patrick Hutter am Kurs \u201eGrundlagen F\u00fchrung\u201c erfolgreich teil.<\/p>\n\n\n\n<h3 class=\"wp-block-heading\">Theoretischer Teil<\/h3>\n\n\n\n<p>Am ersten Kurstag wurden grundlegende Themen f\u00fcr angehende F\u00fchrungskr\u00e4fte in der Feuerwehr behandelt. Dazu z\u00e4hlten unter anderem die Organisation und Struktur der Feuerwehr, die Aufgaben der Feuerwehr sowie die Rechte und Pflichten der Feuerwehrmitglieder. Ebenso wurden die verschiedenen Arten der Mitgliedschaften, die Organe und Funktion\u00e4re sowie die Chargen n\u00e4her erl\u00e4utert.<\/p>\n\n\n\n<p>Ein weiterer Schwerpunkt lag auf dem Nieder\u00f6sterreichischen Landesfeuerwehrverband und dessen Aufgaben. Zus\u00e4tzlich wurden F\u00fchrungsgrunds\u00e4tze und Einsatzhilfen, wie der Befehls- und Meldeweg, das F\u00fchrungsverfahren sowie wichtige Merkregeln, behandelt. Auch das Verhalten im Dienst und im Einsatz wurde thematisiert und anhand eines Einsatzszenarios gemeinsam analysiert und bewertet.<\/p>\n\n\n\n<h3 class=\"wp-block-heading\">Praktischer Teil<\/h3>\n\n\n\n<p>Im praktischen Abschnitt des Kurses wurden mehrere Einsatzszenarien realit\u00e4tsnah be\u00fcbt. Die Teilnehmer arbeiteten dabei verschiedene Lagen in mehreren Stationen ab:<\/p>\n\n\n\n<ul class=\"wp-block-list\">\n<li>Verkehrsunfall mit Menschenrettung<\/li>\n\n\n\n<li>Schadstoffeinsatz mit Menschenrettung<\/li>\n\n\n\n<li>Brand eines Gewerbegeb\u00e4udes<\/li>\n\n\n\n<li>Brand eines Einfamilienhauses<\/li>\n<\/ul>\n\n\n\n<p>Im Zuge der \u00dcbungen wurden unter anderem Menschenrettung, der Aufbau von L\u00f6schleitungen, das Arbeiten mit Leitern sowie Innen- und Au\u00dfenangriffe trainiert. Nach jeder Station fand eine Feedbackrunde statt, in der die \u00dcbungen gemeinsam nachbesprochen und bewertet wurden.<\/p>\n\n\n\n<h3 class=\"wp-block-heading\">Erfolgreicher Abschluss<\/h3>\n\n\n\n<p>Zum Abschluss des Kurses wurde das in den beiden Tagen vermittelte Wissen \u00fcberpr\u00fcft. Marvin Kirchhofer, Patrick Hutter sowie alle teilnehmenden Kameraden konnten den Kurs erfolgreich abschlie\u00dfen.<\/p>\n\n\n\n<p>Ein besonderer Dank gilt der FF Bierbaum f\u00fcr die Austragung des Kurses sowie allen Ausbildern f\u00fcr die Durchf\u00fchrung der Ausbildung.<\/p>\n\n\n<div class=\"flexslider ewic-slider-lite is_on_\" id=\"ewic-con-263969f4a7c7f3ba9\"><style>#ewic-con-263969f4a7c7f3ba9 .flex-direction-nav .flex-next, #ewic-con-263969f4a7c7f3ba9 .flex-direction-nav .flex-prev {opacity: 1;} #ewic-con-263969f4a7c7f3ba9 .flex-direction-nav .flex-next {right: 10px !important; text-align: right !important;} #ewic-con-263969f4a7c7f3ba9 .flex-direction-nav .flex-prev {left: 10px !important;}<\/style><div id=\"preloader-263969f4a7c7f3ba9\" class=\"sliderpreloader\"><\/div><ul style=\"display:none;\" class=\"slides flexslider-263969f4a7c7f3ba9\"><li class=\"ewic-slider\"><a href=\"https:\/\/www.ffneustift.at\/wp-content\/uploads\/2026\/03\/Vortrag.png\"  rel=\"ewicprettyPhoto[263969f4a7c7f3ba9]\"><img decoding=\"async\"  class=\"ewic-wid-imgs\" src=\"https:\/\/www.ffneustift.at\/wp-content\/uploads\/2026\/03\/Vortrag.png\" \/><p class=\"flex-caption\"><\/p><\/a><\/li><li class=\"ewic-slider\"><a href=\"https:\/\/www.ffneustift.at\/wp-content\/uploads\/2026\/03\/4.jpeg\"  rel=\"ewicprettyPhoto[263969f4a7c7f3ba9]\"><img decoding=\"async\"  class=\"ewic-wid-imgs\" src=\"https:\/\/www.ffneustift.at\/wp-content\/uploads\/2026\/03\/4.jpeg\" \/><p class=\"flex-caption\"><\/p><\/a><\/li><li class=\"ewic-slider\"><a href=\"https:\/\/www.ffneustift.at\/wp-content\/uploads\/2026\/03\/1.jpeg\"  rel=\"ewicprettyPhoto[263969f4a7c7f3ba9]\"><img decoding=\"async\"  class=\"ewic-wid-imgs\" src=\"https:\/\/www.ffneustift.at\/wp-content\/uploads\/2026\/03\/1.jpeg\" \/><p class=\"flex-caption\"><\/p><\/a><\/li><\/ul><script type=\"text\/javascript\">\r\n\tjQuery(document).ready(function($) {\r\n\r\n\t\t$(\"#preloader-263969f4a7c7f3ba9\").fadeOut(500, function () {\r\n\r\n\t\t\t$(\"#ewic-con-263969f4a7c7f3ba9\").addClass(\"ready_to_show\");\r\n\r\n\t\t\t$(\"a[rel^='ewicprettyPhoto[263969f4a7c7f3ba9]']\").ewcPhoto({\r\n\t\t\t\ttheme: \"ewc_default\",\r\n\t\t\t\tallow_expand: false,\r\n\t\t\t\tdeeplinking: false,\r\n\t\t\t\tslideshow:5000,\r\n\t\t\t\tautoplay_slideshow:true,\r\n\t\t\t\tsocial_tools:false\r\n\t\t\t});\r\n\r\n\t\t\t$(\".flexslider-263969f4a7c7f3ba9\").fadeIn(300);\r\n\r\n\t\t\t$(\"#ewic-con-263969f4a7c7f3ba9\").flexslider({\r\n\t\t\t\tanimation: \"slide\",\r\n\t\t\t\tanimationSpeed: 0,\r\n\t\t\t\tuseCSS: false,\r\n\t\t\t\teasing: \"easeInQuad\",\r\n\t\t\t\tdirection: \"horizontal\",\r\n\t\t\t\tslideshow: true,\r\n\t\t\t\tsmoothHeight: true,\r\n\t\t\t\tpauseOnHover: true,\r\n\t\t\t\tcontrolNav: false,\r\n\t\t\t\tprevText: \"\",\r\n\t\t\t\tnextText: \"\",\r\n\t\t\t\trtl: false,\r\n\t\t\t\tslideshowSpeed: 5000,\r\n\t\t\t\tstart: function(slider){\r\n\t\t\t\t\t$(\"#ewic-con-263969f4a7c7f3ba9\").find(\".flex-caption\").hide();\r\n\t\t\t\t\tvar curSlide = slider.find(\"li.flex-active-slide\");\r\n\t\t\t\t\t$(curSlide).find(\".flex-caption\").slideDown();\r\n\t\t\t\t},\r\n\t\t\t\tbefore: function(slider) {\r\n\t\t\t\t\t$(\"#ewic-con-263969f4a7c7f3ba9\").find(\".flex-caption\").slideUp();\r\n\t\t\t\t},\r\n\t\t\t\tafter: function(slider) {\r\n\t\t\t\t\tvar curSlide = slider.find(\"li.flex-active-slide\");\r\n\t\t\t\t\t$(curSlide).find(\".flex-caption\").slideDown();\r\n\t\t\t\t}\r\n\r\n\t\t\t});\r\n\r\n\t\t});\r\n\r\n\t});\r\n<\/script><\/div>\r\n","protected":false},"excerpt":{"rendered":"<p>Am 13. und 14. M\u00e4rz nahmen Marvin Kirchhofer und Patrick Hutter am Kurs \u201eGrundlagen F\u00fchrung\u201c erfolgreich teil. Theoretischer Teil Am ersten Kurstag wurden grundlegende Themen f\u00fcr angehende F\u00fchrungskr\u00e4fte in der Feuerwehr behandelt. Dazu z\u00e4hlten unter anderem die Organisation und Struktur der Feuerwehr, die Aufgaben der Feuerwehr sowie die Rechte und Pflichten der Feuerwehrmitglieder. Ebenso wurden [&hellip;]<\/p>\n","protected":false},"author":1,"featured_media":0,"comment_status":"closed","ping_status":"open","sticky":false,"template":"","format":"standard","meta":{"jetpack_post_was_ever_published":false,"_jetpack_newsletter_access":"","_jetpack_dont_email_post_to_subs":false,"_jetpack_newsletter_tier_id":0,"_jetpack_memberships_contains_paywalled_content":false,"_jetpack_memberships_contains_paid_content":false,"footnotes":"","jetpack_publicize_message":"","jetpack_publicize_feature_enabled":true,"jetpack_social_post_already_shared":true,"jetpack_social_options":{"image_generator_settings":{"template":"highway","default_image_id":0,"font":"","enabled":false},"version":2}},"categories":[1],"tags":[],"class_list":["post-2643","post","type-post","status-publish","format-standard","hentry","category-allgemein"],"jetpack_publicize_connections":[],"jetpack_featured_media_url":"","jetpack_sharing_enabled":true,"jetpack_shortlink":"https:\/\/wp.me\/p9x3fP-GD","_links":{"self":[{"href":"https:\/\/www.ffneustift.at\/index.php?rest_route=\/wp\/v2\/posts\/2643","targetHints":{"allow":["GET"]}}],"collection":[{"href":"https:\/\/www.ffneustift.at\/index.php?rest_route=\/wp\/v2\/posts"}],"about":[{"href":"https:\/\/www.ffneustift.at\/index.php?rest_route=\/wp\/v2\/types\/post"}],"author":[{"embeddable":true,"href":"https:\/\/www.ffneustift.at\/index.php?rest_route=\/wp\/v2\/users\/1"}],"replies":[{"embeddable":true,"href":"https:\/\/www.ffneustift.at\/index.php?rest_route=%2Fwp%2Fv2%2Fcomments&post=2643"}],"version-history":[{"count":3,"href":"https:\/\/www.ffneustift.at\/index.php?rest_route=\/wp\/v2\/posts\/2643\/revisions"}],"predecessor-version":[{"id":2646,"href":"https:\/\/www.ffneustift.at\/index.php?rest_route=\/wp\/v2\/posts\/2643\/revisions\/2646"}],"wp:attachment":[{"href":"https:\/\/www.ffneustift.at\/index.php?rest_route=%2Fwp%2Fv2%2Fmedia&parent=2643"}],"wp:term":[{"taxonomy":"category","embeddable":true,"href":"https:\/\/www.ffneustift.at\/index.php?rest_route=%2Fwp%2Fv2%2Fcategories&post=2643"},{"taxonomy":"post_tag","embeddable":true,"href":"https:\/\/www.ffneustift.at\/index.php?rest_route=%2Fwp%2Fv2%2Ftags&post=2643"}],"curies":[{"name":"wp","href":"https:\/\/api.w.org\/{rel}","templated":true}]}}