{"id":2630,"date":"2026-03-08T11:18:31","date_gmt":"2026-03-08T10:18:31","guid":{"rendered":"https:\/\/www.ffneustift.at\/?p=2630"},"modified":"2026-03-08T11:21:39","modified_gmt":"2026-03-08T10:21:39","slug":"so-sieht-das-neueste-funkleistungsabzeichen-in-gold-bei-uns-in-neustift-aus","status":"publish","type":"post","link":"https:\/\/www.ffneustift.at\/?p=2630","title":{"rendered":"So sieht das neueste Funkleistungsabzeichen in Gold bei uns in Neustift aus"},"content":{"rendered":"\n<p>Erworben wurde es von unserem Kameraden Patrick Hutter beim diesj\u00e4hrigen Bewerb um das Feuerwehrfunkleistungsabzeichen in Gold.<\/p>\n\n\n\n<p>In den Disziplinen:<\/p>\n\n\n\n<ul class=\"wp-block-list\">\n<li>Arbeiten mit dem Digitalfunkger\u00e4t<\/li>\n\n\n\n<li>Absetzen von Funkspr\u00fcchen<\/li>\n\n\n\n<li>Lotsendienst<\/li>\n\n\n\n<li>Arbeiten in der Einsatzleitung<\/li>\n\n\n\n<li>Melder im Einsatz<\/li>\n\n\n\n<li>Fragen aus dem Feuerwehrfunkwesen<\/li>\n<\/ul>\n\n\n\n<p>bewies unser Kamerad sein in \u00fcber zwei Monaten angelerntes Wissen und qualifizierte sich somit zum Tragen des Abzeichens. Die erlernten F\u00e4higkeiten sind auch im Einsatzfall essenziell und ein Gewinn f\u00fcr unsere Feuerwehr.<\/p>\n\n\n\n<p>&nbsp;Wir gratulieren auch auf diesem Weg herzlich dazu.<\/p>\n\n\n<div class=\"flexslider ewic-slider-lite is_on_\" id=\"ewic-con-262569f4a795bbeaf\"><style>#ewic-con-262569f4a795bbeaf .flex-direction-nav .flex-next, #ewic-con-262569f4a795bbeaf .flex-direction-nav .flex-prev {opacity: 1;} #ewic-con-262569f4a795bbeaf .flex-direction-nav .flex-next {right: 10px !important; text-align: right !important;} #ewic-con-262569f4a795bbeaf .flex-direction-nav .flex-prev {left: 10px !important;}<\/style><div id=\"preloader-262569f4a795bbeaf\" class=\"sliderpreloader\"><\/div><ul style=\"display:none;\" class=\"slides flexslider-262569f4a795bbeaf\"><li class=\"ewic-slider\"><a href=\"https:\/\/www.ffneustift.at\/wp-content\/uploads\/2026\/03\/WhatsApp-Image-2026-03-08-at-09.48.49-1.jpeg\"  rel=\"ewicprettyPhoto[262569f4a795bbeaf]\"><img decoding=\"async\"  class=\"ewic-wid-imgs\" src=\"https:\/\/www.ffneustift.at\/wp-content\/uploads\/2026\/03\/WhatsApp-Image-2026-03-08-at-09.48.49-1.jpeg\" \/><p class=\"flex-caption\"><\/p><\/a><\/li><li class=\"ewic-slider\"><a href=\"https:\/\/www.ffneustift.at\/wp-content\/uploads\/2026\/03\/Patrick.jpeg\"  rel=\"ewicprettyPhoto[262569f4a795bbeaf]\"><img decoding=\"async\"  class=\"ewic-wid-imgs\" src=\"https:\/\/www.ffneustift.at\/wp-content\/uploads\/2026\/03\/Patrick.jpeg\" \/><p class=\"flex-caption\"><\/p><\/a><\/li><li class=\"ewic-slider\"><a href=\"https:\/\/www.ffneustift.at\/wp-content\/uploads\/2026\/03\/WhatsApp-Image-2026-03-08-at-10.48.41.jpeg\"  rel=\"ewicprettyPhoto[262569f4a795bbeaf]\"><img decoding=\"async\"  class=\"ewic-wid-imgs\" src=\"https:\/\/www.ffneustift.at\/wp-content\/uploads\/2026\/03\/WhatsApp-Image-2026-03-08-at-10.48.41.jpeg\" \/><p class=\"flex-caption\"><\/p><\/a><\/li><li class=\"ewic-slider\"><a href=\"https:\/\/www.ffneustift.at\/wp-content\/uploads\/2026\/03\/WhatsApp-Image-2026-03-08-at-10.48.42.jpeg\"  rel=\"ewicprettyPhoto[262569f4a795bbeaf]\"><img decoding=\"async\"  class=\"ewic-wid-imgs\" src=\"https:\/\/www.ffneustift.at\/wp-content\/uploads\/2026\/03\/WhatsApp-Image-2026-03-08-at-10.48.42.jpeg\" \/><p class=\"flex-caption\"><\/p><\/a><\/li><\/ul><script type=\"text\/javascript\">\r\n\tjQuery(document).ready(function($) {\r\n\r\n\t\t$(\"#preloader-262569f4a795bbeaf\").fadeOut(500, function () {\r\n\r\n\t\t\t$(\"#ewic-con-262569f4a795bbeaf\").addClass(\"ready_to_show\");\r\n\r\n\t\t\t$(\"a[rel^='ewicprettyPhoto[262569f4a795bbeaf]']\").ewcPhoto({\r\n\t\t\t\ttheme: \"ewc_default\",\r\n\t\t\t\tallow_expand: false,\r\n\t\t\t\tdeeplinking: false,\r\n\t\t\t\tslideshow:5000,\r\n\t\t\t\tautoplay_slideshow:true,\r\n\t\t\t\tsocial_tools:false\r\n\t\t\t});\r\n\r\n\t\t\t$(\".flexslider-262569f4a795bbeaf\").fadeIn(300);\r\n\r\n\t\t\t$(\"#ewic-con-262569f4a795bbeaf\").flexslider({\r\n\t\t\t\tanimation: \"slide\",\r\n\t\t\t\tanimationSpeed: 0,\r\n\t\t\t\tuseCSS: false,\r\n\t\t\t\teasing: \"easeInQuad\",\r\n\t\t\t\tdirection: \"horizontal\",\r\n\t\t\t\tslideshow: true,\r\n\t\t\t\tsmoothHeight: true,\r\n\t\t\t\tpauseOnHover: true,\r\n\t\t\t\tcontrolNav: false,\r\n\t\t\t\tprevText: \"\",\r\n\t\t\t\tnextText: \"\",\r\n\t\t\t\trtl: false,\r\n\t\t\t\tslideshowSpeed: 5000,\r\n\t\t\t\tstart: function(slider){\r\n\t\t\t\t\t$(\"#ewic-con-262569f4a795bbeaf\").find(\".flex-caption\").hide();\r\n\t\t\t\t\tvar curSlide = slider.find(\"li.flex-active-slide\");\r\n\t\t\t\t\t$(curSlide).find(\".flex-caption\").slideDown();\r\n\t\t\t\t},\r\n\t\t\t\tbefore: function(slider) {\r\n\t\t\t\t\t$(\"#ewic-con-262569f4a795bbeaf\").find(\".flex-caption\").slideUp();\r\n\t\t\t\t},\r\n\t\t\t\tafter: function(slider) {\r\n\t\t\t\t\tvar curSlide = slider.find(\"li.flex-active-slide\");\r\n\t\t\t\t\t$(curSlide).find(\".flex-caption\").slideDown();\r\n\t\t\t\t}\r\n\r\n\t\t\t});\r\n\r\n\t\t});\r\n\r\n\t});\r\n<\/script><\/div>\r\n","protected":false},"excerpt":{"rendered":"<p>Erworben wurde es von unserem Kameraden Patrick Hutter beim diesj\u00e4hrigen Bewerb um das Feuerwehrfunkleistungsabzeichen in Gold. In den Disziplinen: bewies unser Kamerad sein in \u00fcber zwei Monaten angelerntes Wissen und qualifizierte sich somit zum Tragen des Abzeichens. Die erlernten F\u00e4higkeiten sind auch im Einsatzfall essenziell und ein Gewinn f\u00fcr unsere Feuerwehr. &nbsp;Wir gratulieren auch auf [&hellip;]<\/p>\n","protected":false},"author":1,"featured_media":0,"comment_status":"closed","ping_status":"open","sticky":false,"template":"","format":"standard","meta":{"jetpack_post_was_ever_published":false,"_jetpack_newsletter_access":"","_jetpack_dont_email_post_to_subs":false,"_jetpack_newsletter_tier_id":0,"_jetpack_memberships_contains_paywalled_content":false,"_jetpack_memberships_contains_paid_content":false,"footnotes":"","jetpack_publicize_message":"","jetpack_publicize_feature_enabled":true,"jetpack_social_post_already_shared":true,"jetpack_social_options":{"image_generator_settings":{"template":"highway","default_image_id":0,"font":"","enabled":false},"version":2}},"categories":[1],"tags":[],"class_list":["post-2630","post","type-post","status-publish","format-standard","hentry","category-allgemein"],"jetpack_publicize_connections":[],"jetpack_featured_media_url":"","jetpack_sharing_enabled":true,"jetpack_shortlink":"https:\/\/wp.me\/p9x3fP-Gq","_links":{"self":[{"href":"https:\/\/www.ffneustift.at\/index.php?rest_route=\/wp\/v2\/posts\/2630","targetHints":{"allow":["GET"]}}],"collection":[{"href":"https:\/\/www.ffneustift.at\/index.php?rest_route=\/wp\/v2\/posts"}],"about":[{"href":"https:\/\/www.ffneustift.at\/index.php?rest_route=\/wp\/v2\/types\/post"}],"author":[{"embeddable":true,"href":"https:\/\/www.ffneustift.at\/index.php?rest_route=\/wp\/v2\/users\/1"}],"replies":[{"embeddable":true,"href":"https:\/\/www.ffneustift.at\/index.php?rest_route=%2Fwp%2Fv2%2Fcomments&post=2630"}],"version-history":[{"count":4,"href":"https:\/\/www.ffneustift.at\/index.php?rest_route=\/wp\/v2\/posts\/2630\/revisions"}],"predecessor-version":[{"id":2635,"href":"https:\/\/www.ffneustift.at\/index.php?rest_route=\/wp\/v2\/posts\/2630\/revisions\/2635"}],"wp:attachment":[{"href":"https:\/\/www.ffneustift.at\/index.php?rest_route=%2Fwp%2Fv2%2Fmedia&parent=2630"}],"wp:term":[{"taxonomy":"category","embeddable":true,"href":"https:\/\/www.ffneustift.at\/index.php?rest_route=%2Fwp%2Fv2%2Fcategories&post=2630"},{"taxonomy":"post_tag","embeddable":true,"href":"https:\/\/www.ffneustift.at\/index.php?rest_route=%2Fwp%2Fv2%2Ftags&post=2630"}],"curies":[{"name":"wp","href":"https:\/\/api.w.org\/{rel}","templated":true}]}}