{"id":2619,"date":"2026-01-19T08:03:03","date_gmt":"2026-01-19T07:03:03","guid":{"rendered":"https:\/\/www.ffneustift.at\/?p=2619"},"modified":"2026-01-19T08:03:07","modified_gmt":"2026-01-19T07:03:07","slug":"jahreshauptversammlung-2026","status":"publish","type":"post","link":"https:\/\/www.ffneustift.at\/?p=2619","title":{"rendered":"Jahreshauptversammlung 2026"},"content":{"rendered":"\n<p>Die Jahreshauptversammlung der Feuerwehr fand am 16. J\u00e4nner 2026 statt. Im Zuge der Versammlung wurde ein ausf\u00fchrlicher R\u00fcckblick auf das Feuerwehrjahr 2025 gegeben. Zahlreiche Eins\u00e4tze, \u00dcbungen sowie organisatorische und kameradschaftliche Aktivit\u00e4ten pr\u00e4gten das vergangene Jahr und zeigten einmal mehr den hohen Stellenwert des ehrenamtlichen Feuerwehrdienstes.<\/p>\n\n\n\n<p>Ein wesentlicher Tagesordnungspunkt war die Neuwahl des Feuerwehrkommandos.<br>Zum neuen Feuerwehrkommandanten wurde J\u00fcrgen Maringer gew\u00e4hlt.<br>Die Funktion des Stellvertreters \u00fcbernimmt k\u00fcnftig Alfred S\u00f6llner.<\/p>\n\n\n\n<p>Mit dieser Wahl kam es zu einem Rollenwechsel innerhalb der F\u00fchrung. Alfred S\u00f6llner stand der Feuerwehr zuvor zehn Jahre lang als Kommandant vor. In dieser Zeit leitete er die Geschicke der Feuerwehr mit gro\u00dfem Engagement, Verantwortungsbewusstsein und Weitblick. Sein langj\u00e4hriger und verdienstvoller Einsatz wird in der Chronik mit besonderem Dank und hoher Anerkennung festgehalten.<\/p>\n\n\n\n<p>Die Angelobung des neu gew\u00e4hlten Feuerwehrkommandanten sowie seines Stellvertreters wurde feierlich durch Franz Aigner, B\u00fcrgermeister der Gemeinde, vorgenommen.<\/p>\n\n\n\n<p>Im Rahmen der Jahreshauptversammlung wurden au\u00dferdem mehrere Sachbearbeiter neu bestellt bzw. in ihren Funktionen best\u00e4tigt.<br>Neu ernannt wurden:<\/p>\n\n\n\n<ul class=\"wp-block-list\">\n<li>Marvin Kirchhofer \u2013 Sachbearbeiter Feuerwehrmedizinischer Dienst<\/li>\n\n\n\n<li>Patrick Hutter \u2013 Sachbearbeiter \u00d6ffentlichkeitsarbeit<\/li>\n<\/ul>\n\n\n\n<p>In ihren bisherigen Funktionen best\u00e4tigt wurden:<\/p>\n\n\n\n<ul class=\"wp-block-list\">\n<li>Norbert Markl jun. \u2013 Sachbearbeiter Atemschutz<\/li>\n\n\n\n<li>Lukas Hoffmann \u2013 Sachbearbeiter Nachrichtendienst<\/li>\n<\/ul>\n\n\n\n<p>Auch bei den Chargen ergaben sich personelle Erg\u00e4nzungen. Neu \u00fcbernommen wurden folgende Funktionen:<\/p>\n\n\n\n<ul class=\"wp-block-list\">\n<li>Matthias B\u00f6ck \u2013 Gruppenkommandant<\/li>\n\n\n\n<li>Matthias B\u00f6ck \u2013 Zeugmeister<\/li>\n\n\n\n<li>Patrick Hutter \u2013 Fahrmeister<\/li>\n<\/ul>\n\n\n\n<p>Die Jahreshauptversammlung 2026 markiert damit den Beginn einer neuen Funktionsperiode. Allen Funktionstr\u00e4gern wird f\u00fcr die \u00dcbernahme ihrer verantwortungsvollen Aufgaben gedankt und f\u00fcr die kommenden Jahre viel Erfolg gew\u00fcnscht.<\/p>\n\n\n<div class=\"flexslider ewic-slider-lite is_on_\" id=\"ewic-con-260969f4a7ba2fe9a\"><style>#ewic-con-260969f4a7ba2fe9a .flex-direction-nav .flex-next, #ewic-con-260969f4a7ba2fe9a .flex-direction-nav .flex-prev {opacity: 1;} #ewic-con-260969f4a7ba2fe9a .flex-direction-nav .flex-next {right: 10px !important; text-align: right !important;} #ewic-con-260969f4a7ba2fe9a .flex-direction-nav .flex-prev {left: 10px !important;}<\/style><div id=\"preloader-260969f4a7ba2fe9a\" class=\"sliderpreloader\"><\/div><ul style=\"display:none;\" class=\"slides flexslider-260969f4a7ba2fe9a\"><li class=\"ewic-slider\"><a href=\"https:\/\/www.ffneustift.at\/wp-content\/uploads\/2026\/01\/WhatsApp-Image-2026-01-17-at-09.01.19-2.jpeg\"  rel=\"ewicprettyPhoto[260969f4a7ba2fe9a]\"><img decoding=\"async\"  class=\"ewic-wid-imgs\" src=\"https:\/\/www.ffneustift.at\/wp-content\/uploads\/2026\/01\/WhatsApp-Image-2026-01-17-at-09.01.19-2.jpeg\" \/><p class=\"flex-caption\"><\/p><\/a><\/li><li class=\"ewic-slider\"><a href=\"https:\/\/www.ffneustift.at\/wp-content\/uploads\/2026\/01\/WhatsApp-Image-2026-01-17-at-09.01.20-5.jpeg\"  rel=\"ewicprettyPhoto[260969f4a7ba2fe9a]\"><img decoding=\"async\"  class=\"ewic-wid-imgs\" src=\"https:\/\/www.ffneustift.at\/wp-content\/uploads\/2026\/01\/WhatsApp-Image-2026-01-17-at-09.01.20-5.jpeg\" \/><p class=\"flex-caption\"><\/p><\/a><\/li><li class=\"ewic-slider\"><a href=\"https:\/\/www.ffneustift.at\/wp-content\/uploads\/2026\/01\/WhatsApp-Image-2026-01-17-at-09.01.21-3.jpeg\"  rel=\"ewicprettyPhoto[260969f4a7ba2fe9a]\"><img decoding=\"async\"  class=\"ewic-wid-imgs\" src=\"https:\/\/www.ffneustift.at\/wp-content\/uploads\/2026\/01\/WhatsApp-Image-2026-01-17-at-09.01.21-3.jpeg\" \/><p class=\"flex-caption\"><\/p><\/a><\/li><li class=\"ewic-slider\"><a href=\"https:\/\/www.ffneustift.at\/wp-content\/uploads\/2026\/01\/WhatsApp-Image-2026-01-17-at-09.01.21-7.jpeg\"  rel=\"ewicprettyPhoto[260969f4a7ba2fe9a]\"><img decoding=\"async\"  class=\"ewic-wid-imgs\" src=\"https:\/\/www.ffneustift.at\/wp-content\/uploads\/2026\/01\/WhatsApp-Image-2026-01-17-at-09.01.21-7.jpeg\" \/><p class=\"flex-caption\"><\/p><\/a><\/li><li class=\"ewic-slider\"><a href=\"https:\/\/www.ffneustift.at\/wp-content\/uploads\/2026\/01\/WhatsApp-Image-2026-01-17-at-09.01.21-9.jpeg\"  rel=\"ewicprettyPhoto[260969f4a7ba2fe9a]\"><img decoding=\"async\"  class=\"ewic-wid-imgs\" src=\"https:\/\/www.ffneustift.at\/wp-content\/uploads\/2026\/01\/WhatsApp-Image-2026-01-17-at-09.01.21-9.jpeg\" \/><p class=\"flex-caption\"><\/p><\/a><\/li><li class=\"ewic-slider\"><a href=\"https:\/\/www.ffneustift.at\/wp-content\/uploads\/2026\/01\/WhatsApp-Image-2026-01-17-at-09.01.21.jpeg\"  rel=\"ewicprettyPhoto[260969f4a7ba2fe9a]\"><img decoding=\"async\"  class=\"ewic-wid-imgs\" src=\"https:\/\/www.ffneustift.at\/wp-content\/uploads\/2026\/01\/WhatsApp-Image-2026-01-17-at-09.01.21.jpeg\" \/><p class=\"flex-caption\"><\/p><\/a><\/li><li class=\"ewic-slider\"><a href=\"https:\/\/www.ffneustift.at\/wp-content\/uploads\/2026\/01\/WhatsApp-Image-2026-01-17-at-09.01.22-2.jpeg\"  rel=\"ewicprettyPhoto[260969f4a7ba2fe9a]\"><img decoding=\"async\"  class=\"ewic-wid-imgs\" src=\"https:\/\/www.ffneustift.at\/wp-content\/uploads\/2026\/01\/WhatsApp-Image-2026-01-17-at-09.01.22-2.jpeg\" \/><p class=\"flex-caption\"><\/p><\/a><\/li><li class=\"ewic-slider\"><a href=\"https:\/\/www.ffneustift.at\/wp-content\/uploads\/2026\/01\/WhatsApp-Image-2026-01-17-at-09.01.20-3.jpeg\"  rel=\"ewicprettyPhoto[260969f4a7ba2fe9a]\"><img decoding=\"async\"  class=\"ewic-wid-imgs\" src=\"https:\/\/www.ffneustift.at\/wp-content\/uploads\/2026\/01\/WhatsApp-Image-2026-01-17-at-09.01.20-3.jpeg\" \/><p class=\"flex-caption\"><\/p><\/a><\/li><\/ul><script type=\"text\/javascript\">\r\n\tjQuery(document).ready(function($) {\r\n\r\n\t\t$(\"#preloader-260969f4a7ba2fe9a\").fadeOut(500, function () {\r\n\r\n\t\t\t$(\"#ewic-con-260969f4a7ba2fe9a\").addClass(\"ready_to_show\");\r\n\r\n\t\t\t$(\"a[rel^='ewicprettyPhoto[260969f4a7ba2fe9a]']\").ewcPhoto({\r\n\t\t\t\ttheme: \"ewc_default\",\r\n\t\t\t\tallow_expand: false,\r\n\t\t\t\tdeeplinking: false,\r\n\t\t\t\tslideshow:5000,\r\n\t\t\t\tautoplay_slideshow:true,\r\n\t\t\t\tsocial_tools:false\r\n\t\t\t});\r\n\r\n\t\t\t$(\".flexslider-260969f4a7ba2fe9a\").fadeIn(300);\r\n\r\n\t\t\t$(\"#ewic-con-260969f4a7ba2fe9a\").flexslider({\r\n\t\t\t\tanimation: \"slide\",\r\n\t\t\t\tanimationSpeed: 0,\r\n\t\t\t\tuseCSS: false,\r\n\t\t\t\teasing: \"easeInQuad\",\r\n\t\t\t\tdirection: \"horizontal\",\r\n\t\t\t\tslideshow: true,\r\n\t\t\t\tsmoothHeight: true,\r\n\t\t\t\tpauseOnHover: true,\r\n\t\t\t\tcontrolNav: false,\r\n\t\t\t\tprevText: \"\",\r\n\t\t\t\tnextText: \"\",\r\n\t\t\t\trtl: false,\r\n\t\t\t\tslideshowSpeed: 5000,\r\n\t\t\t\tstart: function(slider){\r\n\t\t\t\t\t$(\"#ewic-con-260969f4a7ba2fe9a\").find(\".flex-caption\").hide();\r\n\t\t\t\t\tvar curSlide = slider.find(\"li.flex-active-slide\");\r\n\t\t\t\t\t$(curSlide).find(\".flex-caption\").slideDown();\r\n\t\t\t\t},\r\n\t\t\t\tbefore: function(slider) {\r\n\t\t\t\t\t$(\"#ewic-con-260969f4a7ba2fe9a\").find(\".flex-caption\").slideUp();\r\n\t\t\t\t},\r\n\t\t\t\tafter: function(slider) {\r\n\t\t\t\t\tvar curSlide = slider.find(\"li.flex-active-slide\");\r\n\t\t\t\t\t$(curSlide).find(\".flex-caption\").slideDown();\r\n\t\t\t\t}\r\n\r\n\t\t\t});\r\n\r\n\t\t});\r\n\r\n\t});\r\n<\/script><\/div>\r\n","protected":false},"excerpt":{"rendered":"<p>Die Jahreshauptversammlung der Feuerwehr fand am 16. J\u00e4nner 2026 statt. Im Zuge der Versammlung wurde ein ausf\u00fchrlicher R\u00fcckblick auf das Feuerwehrjahr 2025 gegeben. Zahlreiche Eins\u00e4tze, \u00dcbungen sowie organisatorische und kameradschaftliche Aktivit\u00e4ten pr\u00e4gten das vergangene Jahr und zeigten einmal mehr den hohen Stellenwert des ehrenamtlichen Feuerwehrdienstes. Ein wesentlicher Tagesordnungspunkt war die Neuwahl des Feuerwehrkommandos.Zum neuen Feuerwehrkommandanten [&hellip;]<\/p>\n","protected":false},"author":1,"featured_media":0,"comment_status":"closed","ping_status":"open","sticky":false,"template":"","format":"standard","meta":{"jetpack_post_was_ever_published":false,"_jetpack_newsletter_access":"","_jetpack_dont_email_post_to_subs":false,"_jetpack_newsletter_tier_id":0,"_jetpack_memberships_contains_paywalled_content":false,"_jetpack_memberships_contains_paid_content":false,"footnotes":"","jetpack_publicize_message":"","jetpack_publicize_feature_enabled":true,"jetpack_social_post_already_shared":true,"jetpack_social_options":{"image_generator_settings":{"template":"highway","default_image_id":0,"font":"","enabled":false},"version":2}},"categories":[1],"tags":[],"class_list":["post-2619","post","type-post","status-publish","format-standard","hentry","category-allgemein"],"jetpack_publicize_connections":[],"jetpack_featured_media_url":"","jetpack_sharing_enabled":true,"jetpack_shortlink":"https:\/\/wp.me\/p9x3fP-Gf","_links":{"self":[{"href":"https:\/\/www.ffneustift.at\/index.php?rest_route=\/wp\/v2\/posts\/2619","targetHints":{"allow":["GET"]}}],"collection":[{"href":"https:\/\/www.ffneustift.at\/index.php?rest_route=\/wp\/v2\/posts"}],"about":[{"href":"https:\/\/www.ffneustift.at\/index.php?rest_route=\/wp\/v2\/types\/post"}],"author":[{"embeddable":true,"href":"https:\/\/www.ffneustift.at\/index.php?rest_route=\/wp\/v2\/users\/1"}],"replies":[{"embeddable":true,"href":"https:\/\/www.ffneustift.at\/index.php?rest_route=%2Fwp%2Fv2%2Fcomments&post=2619"}],"version-history":[{"count":2,"href":"https:\/\/www.ffneustift.at\/index.php?rest_route=\/wp\/v2\/posts\/2619\/revisions"}],"predecessor-version":[{"id":2621,"href":"https:\/\/www.ffneustift.at\/index.php?rest_route=\/wp\/v2\/posts\/2619\/revisions\/2621"}],"wp:attachment":[{"href":"https:\/\/www.ffneustift.at\/index.php?rest_route=%2Fwp%2Fv2%2Fmedia&parent=2619"}],"wp:term":[{"taxonomy":"category","embeddable":true,"href":"https:\/\/www.ffneustift.at\/index.php?rest_route=%2Fwp%2Fv2%2Fcategories&post=2619"},{"taxonomy":"post_tag","embeddable":true,"href":"https:\/\/www.ffneustift.at\/index.php?rest_route=%2Fwp%2Fv2%2Ftags&post=2619"}],"curies":[{"name":"wp","href":"https:\/\/api.w.org\/{rel}","templated":true}]}}