{"id":2586,"date":"2025-12-15T16:19:19","date_gmt":"2025-12-15T15:19:19","guid":{"rendered":"https:\/\/www.ffneustift.at\/?p=2586"},"modified":"2025-12-15T16:19:25","modified_gmt":"2025-12-15T15:19:25","slug":"erfolgreiche-ausbildungspruefung-atemschutz-apas","status":"publish","type":"post","link":"https:\/\/www.ffneustift.at\/?p=2586","title":{"rendered":"Erfolgreiche Ausbildungspr\u00fcfung Atemschutz (APAS)"},"content":{"rendered":"\n<h2 class=\"wp-block-heading\">APAS 2025<\/h2>\n\n\n\n<p>Nach rund zwei Monaten intensiver Vorbereitung stellten sich mehrere Atemschutztrupps der Ausbildungspr\u00fcfung Atemschutz (APAS). An der Pr\u00fcfung nahmen Mitglieder der FF Neustift im Felde, der FF Unterstockstall sowie der FF K\u00f6nigsbrunn teil.<\/p>\n\n\n\n<p>Ziel der Ausbildungspr\u00fcfung ist es, die Sicherheit im Atemschutzeinsatz zu erh\u00f6hen, die Zusammenarbeit im Trupp zu festigen und den professionellen Umgang mit der Atemschutzausr\u00fcstung unter realit\u00e4tsnahen Bedingungen zu \u00fcberpr\u00fcfen.<\/p>\n\n\n\n<p>Im Rahmen der APAS mussten insgesamt vier Stationen erfolgreich bew\u00e4ltigt werden:<\/p>\n\n\n\n<ol class=\"wp-block-list\">\n<li><strong>Ausr\u00fcsten mit Atemschutzger\u00e4ten<\/strong> innerhalb einer vorgegebenen Zeit, wobei besonderes Augenmerk auf korrektes und sicheres Anlegen der Ausr\u00fcstung gelegt wurde.<\/li>\n\n\n\n<li><strong>Retten einer vermissten Person<\/strong> in einem verrauchten Raum. Zus\u00e4tzlich war das Erkennen und Benennen von mindestens zwei Gefahrgutkanistern Teil dieser Station.<\/li>\n\n\n\n<li><strong>L\u00f6schangriff \u00fcber Hindernisbahn<\/strong>, die sowohl k\u00f6rperliche Belastbarkeit als auch Teamarbeit forderte. Am Ende dieser Station wurde eine Brandbek\u00e4mpfung durchgef\u00fchrt.<\/li>\n\n\n\n<li><strong>Wiederherstellung der Einsatzbereitschaft<\/strong>, bei der die Atemschutzger\u00e4te fachgerecht abgelegt, kontrolliert und f\u00fcr den n\u00e4chsten Einsatz vorbereitet werden mussten.<\/li>\n<\/ol>\n\n\n\n<p>Dank der sorgf\u00e4ltigen Vorbereitung, der hohen Disziplin und der ausgezeichneten Zusammenarbeit innerhalb der Trupps konnten alle Teilnehmer die Ausbildungspr\u00fcfung erfolgreich absolvieren. Die APAS stellt damit einen wichtigen Bestandteil der laufenden Aus- und Weiterbildung dar und tr\u00e4gt ma\u00dfgeblich zur Einsatzsicherheit der Atemschutzger\u00e4tetr\u00e4ger bei.<\/p>\n\n\n\n<p>Ein gro\u00dfes Dankesch\u00f6n gilt allen Ausbildern, Bewertern und Helfern sowie der FF Unterstockstall f\u00fcr die Bereitstellung des \u00dcbungsobjekts und die Unterst\u00fctzung bei der Durchf\u00fchrung der Ausbildungspr\u00fcfung.<\/p>\n\n\n<div class=\"flexslider ewic-slider-lite is_on_\" id=\"ewic-con-255869f4a795c7f12\"><style>#ewic-con-255869f4a795c7f12 .flex-direction-nav .flex-next, #ewic-con-255869f4a795c7f12 .flex-direction-nav .flex-prev {opacity: 1;} #ewic-con-255869f4a795c7f12 .flex-direction-nav .flex-next {right: 10px !important; text-align: right !important;} #ewic-con-255869f4a795c7f12 .flex-direction-nav .flex-prev {left: 10px !important;}<\/style><div id=\"preloader-255869f4a795c7f12\" class=\"sliderpreloader\"><\/div><ul style=\"display:none;\" class=\"slides flexslider-255869f4a795c7f12\"><li class=\"ewic-slider\"><a href=\"https:\/\/www.ffneustift.at\/wp-content\/uploads\/2025\/12\/1.jpg\"  rel=\"ewicprettyPhoto[255869f4a795c7f12]\"><img decoding=\"async\"  class=\"ewic-wid-imgs\" src=\"https:\/\/www.ffneustift.at\/wp-content\/uploads\/2025\/12\/1.jpg\" \/><p class=\"flex-caption\"><\/p><\/a><\/li><li class=\"ewic-slider\"><a href=\"https:\/\/www.ffneustift.at\/wp-content\/uploads\/2025\/12\/2.jpg\"  rel=\"ewicprettyPhoto[255869f4a795c7f12]\"><img decoding=\"async\"  class=\"ewic-wid-imgs\" src=\"https:\/\/www.ffneustift.at\/wp-content\/uploads\/2025\/12\/2.jpg\" \/><p class=\"flex-caption\"><\/p><\/a><\/li><li class=\"ewic-slider\"><a href=\"https:\/\/www.ffneustift.at\/wp-content\/uploads\/2025\/12\/IMG-20251215-WA0424.jpg\"  rel=\"ewicprettyPhoto[255869f4a795c7f12]\"><img decoding=\"async\"  class=\"ewic-wid-imgs\" src=\"https:\/\/www.ffneustift.at\/wp-content\/uploads\/2025\/12\/IMG-20251215-WA0424.jpg\" \/><p class=\"flex-caption\"><\/p><\/a><\/li><li class=\"ewic-slider\"><a href=\"https:\/\/www.ffneustift.at\/wp-content\/uploads\/2025\/12\/IMG-20251215-WA0425.jpg\"  rel=\"ewicprettyPhoto[255869f4a795c7f12]\"><img decoding=\"async\"  class=\"ewic-wid-imgs\" src=\"https:\/\/www.ffneustift.at\/wp-content\/uploads\/2025\/12\/IMG-20251215-WA0425.jpg\" \/><p class=\"flex-caption\"><\/p><\/a><\/li><li class=\"ewic-slider\"><a href=\"https:\/\/www.ffneustift.at\/wp-content\/uploads\/2025\/12\/IMG-20251215-WA0426.jpg\"  rel=\"ewicprettyPhoto[255869f4a795c7f12]\"><img decoding=\"async\"  class=\"ewic-wid-imgs\" src=\"https:\/\/www.ffneustift.at\/wp-content\/uploads\/2025\/12\/IMG-20251215-WA0426.jpg\" \/><p class=\"flex-caption\"><\/p><\/a><\/li><li class=\"ewic-slider\"><a href=\"https:\/\/www.ffneustift.at\/wp-content\/uploads\/2025\/12\/IMG-20251215-WA0427.jpg\"  rel=\"ewicprettyPhoto[255869f4a795c7f12]\"><img decoding=\"async\"  class=\"ewic-wid-imgs\" src=\"https:\/\/www.ffneustift.at\/wp-content\/uploads\/2025\/12\/IMG-20251215-WA0427.jpg\" \/><p class=\"flex-caption\"><\/p><\/a><\/li><li class=\"ewic-slider\"><a href=\"https:\/\/www.ffneustift.at\/wp-content\/uploads\/2025\/12\/IMG-20251215-WA0428.jpg\"  rel=\"ewicprettyPhoto[255869f4a795c7f12]\"><img decoding=\"async\"  class=\"ewic-wid-imgs\" src=\"https:\/\/www.ffneustift.at\/wp-content\/uploads\/2025\/12\/IMG-20251215-WA0428.jpg\" \/><p class=\"flex-caption\"><\/p><\/a><\/li><li class=\"ewic-slider\"><a href=\"https:\/\/www.ffneustift.at\/wp-content\/uploads\/2025\/12\/IMG-20251215-WA0429.jpg\"  rel=\"ewicprettyPhoto[255869f4a795c7f12]\"><img decoding=\"async\"  class=\"ewic-wid-imgs\" src=\"https:\/\/www.ffneustift.at\/wp-content\/uploads\/2025\/12\/IMG-20251215-WA0429.jpg\" \/><p class=\"flex-caption\"><\/p><\/a><\/li><li class=\"ewic-slider\"><a href=\"https:\/\/www.ffneustift.at\/wp-content\/uploads\/2025\/12\/IMG-20251215-WA0430.jpg\"  rel=\"ewicprettyPhoto[255869f4a795c7f12]\"><img decoding=\"async\"  class=\"ewic-wid-imgs\" src=\"https:\/\/www.ffneustift.at\/wp-content\/uploads\/2025\/12\/IMG-20251215-WA0430.jpg\" \/><p class=\"flex-caption\"><\/p><\/a><\/li><li class=\"ewic-slider\"><a href=\"https:\/\/www.ffneustift.at\/wp-content\/uploads\/2025\/12\/IMG-20251215-WA0431.jpg\"  rel=\"ewicprettyPhoto[255869f4a795c7f12]\"><img decoding=\"async\"  class=\"ewic-wid-imgs\" src=\"https:\/\/www.ffneustift.at\/wp-content\/uploads\/2025\/12\/IMG-20251215-WA0431.jpg\" \/><p class=\"flex-caption\"><\/p><\/a><\/li><li class=\"ewic-slider\"><a href=\"https:\/\/www.ffneustift.at\/wp-content\/uploads\/2025\/12\/IMG-20251215-WA0432.jpg\"  rel=\"ewicprettyPhoto[255869f4a795c7f12]\"><img decoding=\"async\"  class=\"ewic-wid-imgs\" src=\"https:\/\/www.ffneustift.at\/wp-content\/uploads\/2025\/12\/IMG-20251215-WA0432.jpg\" \/><p class=\"flex-caption\"><\/p><\/a><\/li><li class=\"ewic-slider\"><a href=\"https:\/\/www.ffneustift.at\/wp-content\/uploads\/2025\/12\/IMG-20251215-WA0433.jpg\"  rel=\"ewicprettyPhoto[255869f4a795c7f12]\"><img decoding=\"async\"  class=\"ewic-wid-imgs\" src=\"https:\/\/www.ffneustift.at\/wp-content\/uploads\/2025\/12\/IMG-20251215-WA0433.jpg\" \/><p class=\"flex-caption\"><\/p><\/a><\/li><li class=\"ewic-slider\"><a href=\"https:\/\/www.ffneustift.at\/wp-content\/uploads\/2025\/12\/IMG-20251215-WA0434.jpg\"  rel=\"ewicprettyPhoto[255869f4a795c7f12]\"><img decoding=\"async\"  class=\"ewic-wid-imgs\" src=\"https:\/\/www.ffneustift.at\/wp-content\/uploads\/2025\/12\/IMG-20251215-WA0434.jpg\" \/><p class=\"flex-caption\"><\/p><\/a><\/li><li class=\"ewic-slider\"><a href=\"https:\/\/www.ffneustift.at\/wp-content\/uploads\/2025\/12\/IMG-20251215-WA0436.jpg\"  rel=\"ewicprettyPhoto[255869f4a795c7f12]\"><img decoding=\"async\"  class=\"ewic-wid-imgs\" src=\"https:\/\/www.ffneustift.at\/wp-content\/uploads\/2025\/12\/IMG-20251215-WA0436.jpg\" \/><p class=\"flex-caption\"><\/p><\/a><\/li><li class=\"ewic-slider\"><a href=\"https:\/\/www.ffneustift.at\/wp-content\/uploads\/2025\/12\/IMG-20251215-WA0437.jpg\"  rel=\"ewicprettyPhoto[255869f4a795c7f12]\"><img decoding=\"async\"  class=\"ewic-wid-imgs\" src=\"https:\/\/www.ffneustift.at\/wp-content\/uploads\/2025\/12\/IMG-20251215-WA0437.jpg\" \/><p class=\"flex-caption\"><\/p><\/a><\/li><li class=\"ewic-slider\"><a href=\"https:\/\/www.ffneustift.at\/wp-content\/uploads\/2025\/12\/IMG-20251215-WA0438.jpg\"  rel=\"ewicprettyPhoto[255869f4a795c7f12]\"><img decoding=\"async\"  class=\"ewic-wid-imgs\" src=\"https:\/\/www.ffneustift.at\/wp-content\/uploads\/2025\/12\/IMG-20251215-WA0438.jpg\" \/><p class=\"flex-caption\"><\/p><\/a><\/li><li class=\"ewic-slider\"><a href=\"https:\/\/www.ffneustift.at\/wp-content\/uploads\/2025\/12\/IMG-20251215-WA0439.jpg\"  rel=\"ewicprettyPhoto[255869f4a795c7f12]\"><img decoding=\"async\"  class=\"ewic-wid-imgs\" src=\"https:\/\/www.ffneustift.at\/wp-content\/uploads\/2025\/12\/IMG-20251215-WA0439.jpg\" \/><p class=\"flex-caption\"><\/p><\/a><\/li><li class=\"ewic-slider\"><a href=\"https:\/\/www.ffneustift.at\/wp-content\/uploads\/2025\/12\/IMG-20251215-WA0440.jpg\"  rel=\"ewicprettyPhoto[255869f4a795c7f12]\"><img decoding=\"async\"  class=\"ewic-wid-imgs\" src=\"https:\/\/www.ffneustift.at\/wp-content\/uploads\/2025\/12\/IMG-20251215-WA0440.jpg\" \/><p class=\"flex-caption\"><\/p><\/a><\/li><li class=\"ewic-slider\"><a href=\"https:\/\/www.ffneustift.at\/wp-content\/uploads\/2025\/12\/IMG-20251215-WA0441.jpg\" title=\"IMG 20251215 WA0441\" rel=\"ewicprettyPhoto[255869f4a795c7f12]\"><img decoding=\"async\" title=\"IMG 20251215 WA0441\" class=\"ewic-wid-imgs\" src=\"https:\/\/www.ffneustift.at\/wp-content\/uploads\/2025\/12\/IMG-20251215-WA0441.jpg\" \/><p class=\"flex-caption\">IMG 20251215 WA0441<\/p><\/a><\/li><li class=\"ewic-slider\"><a href=\"https:\/\/www.ffneustift.at\/wp-content\/uploads\/2025\/12\/IMG-20251215-WA0442.jpg\"  rel=\"ewicprettyPhoto[255869f4a795c7f12]\"><img decoding=\"async\"  class=\"ewic-wid-imgs\" src=\"https:\/\/www.ffneustift.at\/wp-content\/uploads\/2025\/12\/IMG-20251215-WA0442.jpg\" \/><p class=\"flex-caption\"><\/p><\/a><\/li><li class=\"ewic-slider\"><a href=\"https:\/\/www.ffneustift.at\/wp-content\/uploads\/2025\/12\/IMG-20251215-WA0443.jpg\"  rel=\"ewicprettyPhoto[255869f4a795c7f12]\"><img decoding=\"async\"  class=\"ewic-wid-imgs\" src=\"https:\/\/www.ffneustift.at\/wp-content\/uploads\/2025\/12\/IMG-20251215-WA0443.jpg\" \/><p class=\"flex-caption\"><\/p><\/a><\/li><li class=\"ewic-slider\"><a href=\"https:\/\/www.ffneustift.at\/wp-content\/uploads\/2025\/12\/IMG-20251215-WA0444.jpg\"  rel=\"ewicprettyPhoto[255869f4a795c7f12]\"><img decoding=\"async\"  class=\"ewic-wid-imgs\" src=\"https:\/\/www.ffneustift.at\/wp-content\/uploads\/2025\/12\/IMG-20251215-WA0444.jpg\" \/><p class=\"flex-caption\"><\/p><\/a><\/li><li class=\"ewic-slider\"><a href=\"https:\/\/www.ffneustift.at\/wp-content\/uploads\/2025\/12\/IMG-20251215-WA0445.jpg\"  rel=\"ewicprettyPhoto[255869f4a795c7f12]\"><img decoding=\"async\"  class=\"ewic-wid-imgs\" src=\"https:\/\/www.ffneustift.at\/wp-content\/uploads\/2025\/12\/IMG-20251215-WA0445.jpg\" \/><p class=\"flex-caption\"><\/p><\/a><\/li><li class=\"ewic-slider\"><a href=\"https:\/\/www.ffneustift.at\/wp-content\/uploads\/2025\/12\/IMG-20251215-WA0446.jpg\"  rel=\"ewicprettyPhoto[255869f4a795c7f12]\"><img decoding=\"async\"  class=\"ewic-wid-imgs\" src=\"https:\/\/www.ffneustift.at\/wp-content\/uploads\/2025\/12\/IMG-20251215-WA0446.jpg\" \/><p class=\"flex-caption\"><\/p><\/a><\/li><li class=\"ewic-slider\"><a href=\"https:\/\/www.ffneustift.at\/wp-content\/uploads\/2025\/12\/IMG-20251215-WA0448.jpg\"  rel=\"ewicprettyPhoto[255869f4a795c7f12]\"><img decoding=\"async\"  class=\"ewic-wid-imgs\" src=\"https:\/\/www.ffneustift.at\/wp-content\/uploads\/2025\/12\/IMG-20251215-WA0448.jpg\" \/><p class=\"flex-caption\"><\/p><\/a><\/li><li class=\"ewic-slider\"><a href=\"https:\/\/www.ffneustift.at\/wp-content\/uploads\/2025\/12\/IMG-20251215-WA0449.jpg\"  rel=\"ewicprettyPhoto[255869f4a795c7f12]\"><img decoding=\"async\"  class=\"ewic-wid-imgs\" src=\"https:\/\/www.ffneustift.at\/wp-content\/uploads\/2025\/12\/IMG-20251215-WA0449.jpg\" \/><p class=\"flex-caption\"><\/p><\/a><\/li><\/ul><script type=\"text\/javascript\">\r\n\tjQuery(document).ready(function($) {\r\n\r\n\t\t$(\"#preloader-255869f4a795c7f12\").fadeOut(500, function () {\r\n\r\n\t\t\t$(\"#ewic-con-255869f4a795c7f12\").addClass(\"ready_to_show\");\r\n\r\n\t\t\t$(\"a[rel^='ewicprettyPhoto[255869f4a795c7f12]']\").ewcPhoto({\r\n\t\t\t\ttheme: \"ewc_default\",\r\n\t\t\t\tallow_expand: false,\r\n\t\t\t\tdeeplinking: false,\r\n\t\t\t\tslideshow:5000,\r\n\t\t\t\tautoplay_slideshow:true,\r\n\t\t\t\tsocial_tools:false\r\n\t\t\t});\r\n\r\n\t\t\t$(\".flexslider-255869f4a795c7f12\").fadeIn(300);\r\n\r\n\t\t\t$(\"#ewic-con-255869f4a795c7f12\").flexslider({\r\n\t\t\t\tanimation: \"slide\",\r\n\t\t\t\tanimationSpeed: 0,\r\n\t\t\t\tuseCSS: false,\r\n\t\t\t\teasing: \"easeInQuad\",\r\n\t\t\t\tdirection: \"horizontal\",\r\n\t\t\t\tslideshow: true,\r\n\t\t\t\tsmoothHeight: true,\r\n\t\t\t\tpauseOnHover: true,\r\n\t\t\t\tcontrolNav: false,\r\n\t\t\t\tprevText: \"\",\r\n\t\t\t\tnextText: \"\",\r\n\t\t\t\trtl: false,\r\n\t\t\t\tslideshowSpeed: 5000,\r\n\t\t\t\tstart: function(slider){\r\n\t\t\t\t\t$(\"#ewic-con-255869f4a795c7f12\").find(\".flex-caption\").hide();\r\n\t\t\t\t\tvar curSlide = slider.find(\"li.flex-active-slide\");\r\n\t\t\t\t\t$(curSlide).find(\".flex-caption\").slideDown();\r\n\t\t\t\t},\r\n\t\t\t\tbefore: function(slider) {\r\n\t\t\t\t\t$(\"#ewic-con-255869f4a795c7f12\").find(\".flex-caption\").slideUp();\r\n\t\t\t\t},\r\n\t\t\t\tafter: function(slider) {\r\n\t\t\t\t\tvar curSlide = slider.find(\"li.flex-active-slide\");\r\n\t\t\t\t\t$(curSlide).find(\".flex-caption\").slideDown();\r\n\t\t\t\t}\r\n\r\n\t\t\t});\r\n\r\n\t\t});\r\n\r\n\t});\r\n<\/script><\/div>\r\n","protected":false},"excerpt":{"rendered":"<p>APAS 2025 Nach rund zwei Monaten intensiver Vorbereitung stellten sich mehrere Atemschutztrupps der Ausbildungspr\u00fcfung Atemschutz (APAS). An der Pr\u00fcfung nahmen Mitglieder der FF Neustift im Felde, der FF Unterstockstall sowie der FF K\u00f6nigsbrunn teil. Ziel der Ausbildungspr\u00fcfung ist es, die Sicherheit im Atemschutzeinsatz zu erh\u00f6hen, die Zusammenarbeit im Trupp zu festigen und den professionellen Umgang [&hellip;]<\/p>\n","protected":false},"author":1,"featured_media":0,"comment_status":"closed","ping_status":"open","sticky":false,"template":"","format":"standard","meta":{"jetpack_post_was_ever_published":false,"_jetpack_newsletter_access":"","_jetpack_dont_email_post_to_subs":false,"_jetpack_newsletter_tier_id":0,"_jetpack_memberships_contains_paywalled_content":false,"_jetpack_memberships_contains_paid_content":false,"footnotes":"","jetpack_publicize_message":"","jetpack_publicize_feature_enabled":true,"jetpack_social_post_already_shared":true,"jetpack_social_options":{"image_generator_settings":{"template":"highway","default_image_id":0,"font":"","enabled":false},"version":2}},"categories":[1],"tags":[],"class_list":["post-2586","post","type-post","status-publish","format-standard","hentry","category-allgemein"],"jetpack_publicize_connections":[],"jetpack_featured_media_url":"","jetpack_sharing_enabled":true,"jetpack_shortlink":"https:\/\/wp.me\/p9x3fP-FI","_links":{"self":[{"href":"https:\/\/www.ffneustift.at\/index.php?rest_route=\/wp\/v2\/posts\/2586","targetHints":{"allow":["GET"]}}],"collection":[{"href":"https:\/\/www.ffneustift.at\/index.php?rest_route=\/wp\/v2\/posts"}],"about":[{"href":"https:\/\/www.ffneustift.at\/index.php?rest_route=\/wp\/v2\/types\/post"}],"author":[{"embeddable":true,"href":"https:\/\/www.ffneustift.at\/index.php?rest_route=\/wp\/v2\/users\/1"}],"replies":[{"embeddable":true,"href":"https:\/\/www.ffneustift.at\/index.php?rest_route=%2Fwp%2Fv2%2Fcomments&post=2586"}],"version-history":[{"count":2,"href":"https:\/\/www.ffneustift.at\/index.php?rest_route=\/wp\/v2\/posts\/2586\/revisions"}],"predecessor-version":[{"id":2588,"href":"https:\/\/www.ffneustift.at\/index.php?rest_route=\/wp\/v2\/posts\/2586\/revisions\/2588"}],"wp:attachment":[{"href":"https:\/\/www.ffneustift.at\/index.php?rest_route=%2Fwp%2Fv2%2Fmedia&parent=2586"}],"wp:term":[{"taxonomy":"category","embeddable":true,"href":"https:\/\/www.ffneustift.at\/index.php?rest_route=%2Fwp%2Fv2%2Fcategories&post=2586"},{"taxonomy":"post_tag","embeddable":true,"href":"https:\/\/www.ffneustift.at\/index.php?rest_route=%2Fwp%2Fv2%2Ftags&post=2586"}],"curies":[{"name":"wp","href":"https:\/\/api.w.org\/{rel}","templated":true}]}}