{"id":2555,"date":"2025-12-11T07:25:13","date_gmt":"2025-12-11T06:25:13","guid":{"rendered":"https:\/\/www.ffneustift.at\/?p=2555"},"modified":"2025-12-11T07:25:18","modified_gmt":"2025-12-11T06:25:18","slug":"ueberraschende-ehrung-fuer-unseren-kommandanten","status":"publish","type":"post","link":"https:\/\/www.ffneustift.at\/?p=2555","title":{"rendered":"\u00dcberraschende Ehrung f\u00fcr unseren Kommandanten!"},"content":{"rendered":"\n<p>Am Sonntag, den 7.12.2025, wurde unser Kommandant OBI Alfred S\u00f6llner mit der Verdienstmedaille 2. Klasse in Silber ausgezeichnet. <\/p>\n\n\n\n<p>Die Ehrung wurde von uns im Vorfeld geplant, doch er selbst wusste nichts davon \u2013 und so ist die \u00dcberraschung perfekt gelungen! <\/p>\n\n\n\n<p>Mit dieser Auszeichnung werden sein langj\u00e4hriger, unerm\u00fcdlicher Einsatz, seine starke F\u00fchrungsarbeit und sein herausragendes Engagement f\u00fcr unsere Feuerwehr und die Sicherheit unserer Gemeinde gew\u00fcrdigt.<\/p>\n\n\n\n<p>OBI Alfred S\u00f6llner ist ein wahres Vorbild an Kameradschaft, Verantwortung und Leidenschaft f\u00fcr den Feuerwehrdienst.<\/p>\n\n\n\n<p>Wir sind stolz auf unseren Kommandanten und gratulieren ihm herzlich zu dieser wohlverdienten Auszeichnung! <\/p>\n\n\n\n<p><\/p>\n\n\n<div class=\"flexslider ewic-slider-lite is_on_\" id=\"ewic-con-255469f4a7ba36d18\"><style>#ewic-con-255469f4a7ba36d18 .flex-direction-nav .flex-next, #ewic-con-255469f4a7ba36d18 .flex-direction-nav .flex-prev {opacity: 1;} #ewic-con-255469f4a7ba36d18 .flex-direction-nav .flex-next {right: 10px !important; text-align: right !important;} #ewic-con-255469f4a7ba36d18 .flex-direction-nav .flex-prev {left: 10px !important;}<\/style><div id=\"preloader-255469f4a7ba36d18\" class=\"sliderpreloader\"><\/div><ul style=\"display:none;\" class=\"slides flexslider-255469f4a7ba36d18\"><li class=\"ewic-slider\"><a href=\"https:\/\/www.ffneustift.at\/wp-content\/uploads\/2025\/12\/Alfred-scaled.png\"  rel=\"ewicprettyPhoto[255469f4a7ba36d18]\"><img decoding=\"async\"  class=\"ewic-wid-imgs\" src=\"https:\/\/www.ffneustift.at\/wp-content\/uploads\/2025\/12\/Alfred-scaled.png\" \/><p class=\"flex-caption\"><\/p><\/a><\/li><li class=\"ewic-slider\"><a href=\"https:\/\/www.ffneustift.at\/wp-content\/uploads\/2025\/12\/IMG-20251211-WA0019.jpg\"  rel=\"ewicprettyPhoto[255469f4a7ba36d18]\"><img decoding=\"async\"  class=\"ewic-wid-imgs\" src=\"https:\/\/www.ffneustift.at\/wp-content\/uploads\/2025\/12\/IMG-20251211-WA0019.jpg\" \/><p class=\"flex-caption\"><\/p><\/a><\/li><li class=\"ewic-slider\"><a href=\"https:\/\/www.ffneustift.at\/wp-content\/uploads\/2025\/12\/IMG-20251211-WA0018.jpg\"  rel=\"ewicprettyPhoto[255469f4a7ba36d18]\"><img decoding=\"async\"  class=\"ewic-wid-imgs\" src=\"https:\/\/www.ffneustift.at\/wp-content\/uploads\/2025\/12\/IMG-20251211-WA0018.jpg\" \/><p class=\"flex-caption\"><\/p><\/a><\/li><li class=\"ewic-slider\"><a href=\"https:\/\/www.ffneustift.at\/wp-content\/uploads\/2025\/12\/IMG-20251211-WA0017.jpg\"  rel=\"ewicprettyPhoto[255469f4a7ba36d18]\"><img decoding=\"async\"  class=\"ewic-wid-imgs\" src=\"https:\/\/www.ffneustift.at\/wp-content\/uploads\/2025\/12\/IMG-20251211-WA0017.jpg\" \/><p class=\"flex-caption\"><\/p><\/a><\/li><\/ul><script type=\"text\/javascript\">\r\n\tjQuery(document).ready(function($) {\r\n\r\n\t\t$(\"#preloader-255469f4a7ba36d18\").fadeOut(500, function () {\r\n\r\n\t\t\t$(\"#ewic-con-255469f4a7ba36d18\").addClass(\"ready_to_show\");\r\n\r\n\t\t\t$(\"a[rel^='ewicprettyPhoto[255469f4a7ba36d18]']\").ewcPhoto({\r\n\t\t\t\ttheme: \"ewc_default\",\r\n\t\t\t\tallow_expand: false,\r\n\t\t\t\tdeeplinking: false,\r\n\t\t\t\tslideshow:5000,\r\n\t\t\t\tautoplay_slideshow:true,\r\n\t\t\t\tsocial_tools:false\r\n\t\t\t});\r\n\r\n\t\t\t$(\".flexslider-255469f4a7ba36d18\").fadeIn(300);\r\n\r\n\t\t\t$(\"#ewic-con-255469f4a7ba36d18\").flexslider({\r\n\t\t\t\tanimation: \"slide\",\r\n\t\t\t\tanimationSpeed: 0,\r\n\t\t\t\tuseCSS: false,\r\n\t\t\t\teasing: \"easeInQuad\",\r\n\t\t\t\tdirection: \"horizontal\",\r\n\t\t\t\tslideshow: true,\r\n\t\t\t\tsmoothHeight: true,\r\n\t\t\t\tpauseOnHover: true,\r\n\t\t\t\tcontrolNav: false,\r\n\t\t\t\tprevText: \"\",\r\n\t\t\t\tnextText: \"\",\r\n\t\t\t\trtl: false,\r\n\t\t\t\tslideshowSpeed: 5000,\r\n\t\t\t\tstart: function(slider){\r\n\t\t\t\t\t$(\"#ewic-con-255469f4a7ba36d18\").find(\".flex-caption\").hide();\r\n\t\t\t\t\tvar curSlide = slider.find(\"li.flex-active-slide\");\r\n\t\t\t\t\t$(curSlide).find(\".flex-caption\").slideDown();\r\n\t\t\t\t},\r\n\t\t\t\tbefore: function(slider) {\r\n\t\t\t\t\t$(\"#ewic-con-255469f4a7ba36d18\").find(\".flex-caption\").slideUp();\r\n\t\t\t\t},\r\n\t\t\t\tafter: function(slider) {\r\n\t\t\t\t\tvar curSlide = slider.find(\"li.flex-active-slide\");\r\n\t\t\t\t\t$(curSlide).find(\".flex-caption\").slideDown();\r\n\t\t\t\t}\r\n\r\n\t\t\t});\r\n\r\n\t\t});\r\n\r\n\t});\r\n<\/script><\/div>\r\n","protected":false},"excerpt":{"rendered":"<p>Am Sonntag, den 7.12.2025, wurde unser Kommandant OBI Alfred S\u00f6llner mit der Verdienstmedaille 2. Klasse in Silber ausgezeichnet. Die Ehrung wurde von uns im Vorfeld geplant, doch er selbst wusste nichts davon \u2013 und so ist die \u00dcberraschung perfekt gelungen! Mit dieser Auszeichnung werden sein langj\u00e4hriger, unerm\u00fcdlicher Einsatz, seine starke F\u00fchrungsarbeit und sein herausragendes Engagement [&hellip;]<\/p>\n","protected":false},"author":1,"featured_media":0,"comment_status":"closed","ping_status":"open","sticky":false,"template":"","format":"standard","meta":{"jetpack_post_was_ever_published":false,"_jetpack_newsletter_access":"","_jetpack_dont_email_post_to_subs":false,"_jetpack_newsletter_tier_id":0,"_jetpack_memberships_contains_paywalled_content":false,"_jetpack_memberships_contains_paid_content":false,"footnotes":"","jetpack_publicize_message":"","jetpack_publicize_feature_enabled":true,"jetpack_social_post_already_shared":true,"jetpack_social_options":{"image_generator_settings":{"template":"highway","default_image_id":0,"font":"","enabled":false},"version":2}},"categories":[1],"tags":[],"class_list":["post-2555","post","type-post","status-publish","format-standard","hentry","category-allgemein"],"jetpack_publicize_connections":[],"jetpack_featured_media_url":"","jetpack_sharing_enabled":true,"jetpack_shortlink":"https:\/\/wp.me\/p9x3fP-Fd","_links":{"self":[{"href":"https:\/\/www.ffneustift.at\/index.php?rest_route=\/wp\/v2\/posts\/2555","targetHints":{"allow":["GET"]}}],"collection":[{"href":"https:\/\/www.ffneustift.at\/index.php?rest_route=\/wp\/v2\/posts"}],"about":[{"href":"https:\/\/www.ffneustift.at\/index.php?rest_route=\/wp\/v2\/types\/post"}],"author":[{"embeddable":true,"href":"https:\/\/www.ffneustift.at\/index.php?rest_route=\/wp\/v2\/users\/1"}],"replies":[{"embeddable":true,"href":"https:\/\/www.ffneustift.at\/index.php?rest_route=%2Fwp%2Fv2%2Fcomments&post=2555"}],"version-history":[{"count":2,"href":"https:\/\/www.ffneustift.at\/index.php?rest_route=\/wp\/v2\/posts\/2555\/revisions"}],"predecessor-version":[{"id":2557,"href":"https:\/\/www.ffneustift.at\/index.php?rest_route=\/wp\/v2\/posts\/2555\/revisions\/2557"}],"wp:attachment":[{"href":"https:\/\/www.ffneustift.at\/index.php?rest_route=%2Fwp%2Fv2%2Fmedia&parent=2555"}],"wp:term":[{"taxonomy":"category","embeddable":true,"href":"https:\/\/www.ffneustift.at\/index.php?rest_route=%2Fwp%2Fv2%2Fcategories&post=2555"},{"taxonomy":"post_tag","embeddable":true,"href":"https:\/\/www.ffneustift.at\/index.php?rest_route=%2Fwp%2Fv2%2Ftags&post=2555"}],"curies":[{"name":"wp","href":"https:\/\/api.w.org\/{rel}","templated":true}]}}