{"id":2397,"date":"2025-07-09T07:43:37","date_gmt":"2025-07-09T05:43:37","guid":{"rendered":"https:\/\/www.ffneustift.at\/?p=2397"},"modified":"2025-07-09T07:43:41","modified_gmt":"2025-07-09T05:43:41","slug":"73-landesfeuerwehrleistungsbewerb-in-schwechat","status":"publish","type":"post","link":"https:\/\/www.ffneustift.at\/?p=2397","title":{"rendered":"73. Landesfeuerwehrleistungsbewerb in Schwechat"},"content":{"rendered":"\n<p>Am vergangenen Wochenende nahm unsere Feuerwehr mit gro\u00dfer Motivation und Einsatzbereitschaft am 73. Landesfeuerwehrleistungsbewerb in Schwechat teil. Der Bewerb z\u00e4hlt zu den j\u00e4hrlichen H\u00f6hepunkten im Feuerwehrkalender und stellt eine hervorragende M\u00f6glichkeit dar, K\u00f6nnen und Teamarbeit unter Beweis zu stellen.<\/p>\n\n\n\n<p>Unsere Kameraden traten in den Kategorien Bronze und Silber an. In der Bronze-Klasse konnte <strong>Gabriel B\u00f6ck<\/strong> das Leistungsabzeichen erfolgreich erringen. In der Silber-Klasse haben <strong>Marvin Kirchhofer, Philipp Zimmermann und Patrick N\u00f6thel<\/strong> mit viel Engagement und Teamgeist ebenfalls die geforderten Leistungen gemeistert und wurden daf\u00fcr mit dem begehrten Abzeichen ausgezeichnet.<\/p>\n\n\n\n<p>Der Bewerb war nicht nur sportlich und fachlich fordernd, sondern auch bestens organisiert. Ein gro\u00dfes Dankesch\u00f6n an die Freiwillige Feuerwehr Schwechat, die als Veranstalter f\u00fcr einen reibungslosen Ablauf, faire Bedingungen und eine angenehme Atmosph\u00e4re gesorgt hat. Die Durchf\u00fchrung und die kameradschaftliche Stimmung machten die zwei Tage zu einem rundum gelungenen Erlebnis.<\/p>\n\n\n\n<p>Wir sind stolz auf die gezeigten Leistungen und gratulieren allen Teilnehmern ganz herzlich! Mit diesem Einsatz und Teamgeist sind wir bestens f\u00fcr kommende Herausforderungen ger\u00fcstet.<\/p>\n\n\n<div class=\"flexslider ewic-slider-lite is_on_\" id=\"ewic-con-240069f4b9fb62f5b\"><style>#ewic-con-240069f4b9fb62f5b .flex-direction-nav .flex-next, #ewic-con-240069f4b9fb62f5b .flex-direction-nav .flex-prev {opacity: 1;} #ewic-con-240069f4b9fb62f5b .flex-direction-nav .flex-next {right: 10px !important; text-align: right !important;} #ewic-con-240069f4b9fb62f5b .flex-direction-nav .flex-prev {left: 10px !important;}<\/style><div id=\"preloader-240069f4b9fb62f5b\" class=\"sliderpreloader\"><\/div><ul style=\"display:none;\" class=\"slides flexslider-240069f4b9fb62f5b\"><li class=\"ewic-slider\"><a href=\"https:\/\/www.ffneustift.at\/wp-content\/uploads\/2025\/07\/Gruppenfoto.jpg\"  rel=\"ewicprettyPhoto[240069f4b9fb62f5b]\"><img decoding=\"async\"  class=\"ewic-wid-imgs\" src=\"https:\/\/www.ffneustift.at\/wp-content\/uploads\/2025\/07\/Gruppenfoto.jpg\" \/><p class=\"flex-caption\"><\/p><\/a><\/li><li class=\"ewic-slider\"><a href=\"https:\/\/www.ffneustift.at\/wp-content\/uploads\/2025\/07\/Land.jpg\"  rel=\"ewicprettyPhoto[240069f4b9fb62f5b]\"><img decoding=\"async\"  class=\"ewic-wid-imgs\" src=\"https:\/\/www.ffneustift.at\/wp-content\/uploads\/2025\/07\/Land.jpg\" \/><p class=\"flex-caption\"><\/p><\/a><\/li><li class=\"ewic-slider\"><a href=\"https:\/\/www.ffneustift.at\/wp-content\/uploads\/2025\/07\/Essen.jpg\"  rel=\"ewicprettyPhoto[240069f4b9fb62f5b]\"><img decoding=\"async\"  class=\"ewic-wid-imgs\" src=\"https:\/\/www.ffneustift.at\/wp-content\/uploads\/2025\/07\/Essen.jpg\" \/><p class=\"flex-caption\"><\/p><\/a><\/li><li class=\"ewic-slider\"><a href=\"https:\/\/www.ffneustift.at\/wp-content\/uploads\/2025\/07\/Koch.jpg\"  rel=\"ewicprettyPhoto[240069f4b9fb62f5b]\"><img decoding=\"async\"  class=\"ewic-wid-imgs\" src=\"https:\/\/www.ffneustift.at\/wp-content\/uploads\/2025\/07\/Koch.jpg\" \/><p class=\"flex-caption\"><\/p><\/a><\/li><li class=\"ewic-slider\"><a href=\"https:\/\/www.ffneustift.at\/wp-content\/uploads\/2025\/07\/Zeltaufbau.jpg\"  rel=\"ewicprettyPhoto[240069f4b9fb62f5b]\"><img decoding=\"async\"  class=\"ewic-wid-imgs\" src=\"https:\/\/www.ffneustift.at\/wp-content\/uploads\/2025\/07\/Zeltaufbau.jpg\" \/><p class=\"flex-caption\"><\/p><\/a><\/li><li class=\"ewic-slider\"><a href=\"https:\/\/www.ffneustift.at\/wp-content\/uploads\/2025\/07\/Zeltfoto.jpg\"  rel=\"ewicprettyPhoto[240069f4b9fb62f5b]\"><img decoding=\"async\"  class=\"ewic-wid-imgs\" src=\"https:\/\/www.ffneustift.at\/wp-content\/uploads\/2025\/07\/Zeltfoto.jpg\" \/><p class=\"flex-caption\"><\/p><\/a><\/li><\/ul><script type=\"text\/javascript\">\r\n\tjQuery(document).ready(function($) {\r\n\r\n\t\t$(\"#preloader-240069f4b9fb62f5b\").fadeOut(500, function () {\r\n\r\n\t\t\t$(\"#ewic-con-240069f4b9fb62f5b\").addClass(\"ready_to_show\");\r\n\r\n\t\t\t$(\"a[rel^='ewicprettyPhoto[240069f4b9fb62f5b]']\").ewcPhoto({\r\n\t\t\t\ttheme: \"ewc_default\",\r\n\t\t\t\tallow_expand: false,\r\n\t\t\t\tdeeplinking: false,\r\n\t\t\t\tslideshow:5000,\r\n\t\t\t\tautoplay_slideshow:true,\r\n\t\t\t\tsocial_tools:false\r\n\t\t\t});\r\n\r\n\t\t\t$(\".flexslider-240069f4b9fb62f5b\").fadeIn(300);\r\n\r\n\t\t\t$(\"#ewic-con-240069f4b9fb62f5b\").flexslider({\r\n\t\t\t\tanimation: \"slide\",\r\n\t\t\t\tanimationSpeed: 0,\r\n\t\t\t\tuseCSS: false,\r\n\t\t\t\teasing: \"easeInQuad\",\r\n\t\t\t\tdirection: \"horizontal\",\r\n\t\t\t\tslideshow: true,\r\n\t\t\t\tsmoothHeight: true,\r\n\t\t\t\tpauseOnHover: true,\r\n\t\t\t\tcontrolNav: false,\r\n\t\t\t\tprevText: \"\",\r\n\t\t\t\tnextText: \"\",\r\n\t\t\t\trtl: false,\r\n\t\t\t\tslideshowSpeed: 5000,\r\n\t\t\t\tstart: function(slider){\r\n\t\t\t\t\t$(\"#ewic-con-240069f4b9fb62f5b\").find(\".flex-caption\").hide();\r\n\t\t\t\t\tvar curSlide = slider.find(\"li.flex-active-slide\");\r\n\t\t\t\t\t$(curSlide).find(\".flex-caption\").slideDown();\r\n\t\t\t\t},\r\n\t\t\t\tbefore: function(slider) {\r\n\t\t\t\t\t$(\"#ewic-con-240069f4b9fb62f5b\").find(\".flex-caption\").slideUp();\r\n\t\t\t\t},\r\n\t\t\t\tafter: function(slider) {\r\n\t\t\t\t\tvar curSlide = slider.find(\"li.flex-active-slide\");\r\n\t\t\t\t\t$(curSlide).find(\".flex-caption\").slideDown();\r\n\t\t\t\t}\r\n\r\n\t\t\t});\r\n\r\n\t\t});\r\n\r\n\t});\r\n<\/script><\/div>\r\n\n\n\n<p><\/p>\n","protected":false},"excerpt":{"rendered":"<p>Am vergangenen Wochenende nahm unsere Feuerwehr mit gro\u00dfer Motivation und Einsatzbereitschaft am 73. Landesfeuerwehrleistungsbewerb in Schwechat teil. Der Bewerb z\u00e4hlt zu den j\u00e4hrlichen H\u00f6hepunkten im Feuerwehrkalender und stellt eine hervorragende M\u00f6glichkeit dar, K\u00f6nnen und Teamarbeit unter Beweis zu stellen. Unsere Kameraden traten in den Kategorien Bronze und Silber an. In der Bronze-Klasse konnte Gabriel B\u00f6ck [&hellip;]<\/p>\n","protected":false},"author":1,"featured_media":0,"comment_status":"closed","ping_status":"open","sticky":false,"template":"","format":"standard","meta":{"jetpack_post_was_ever_published":false,"_jetpack_newsletter_access":"","_jetpack_dont_email_post_to_subs":false,"_jetpack_newsletter_tier_id":0,"_jetpack_memberships_contains_paywalled_content":false,"_jetpack_memberships_contains_paid_content":false,"footnotes":"","jetpack_publicize_message":"","jetpack_publicize_feature_enabled":true,"jetpack_social_post_already_shared":true,"jetpack_social_options":{"image_generator_settings":{"template":"highway","default_image_id":0,"font":"","enabled":false},"version":2}},"categories":[1],"tags":[],"class_list":["post-2397","post","type-post","status-publish","format-standard","hentry","category-allgemein"],"jetpack_publicize_connections":[],"jetpack_featured_media_url":"","jetpack_sharing_enabled":true,"jetpack_shortlink":"https:\/\/wp.me\/p9x3fP-CF","_links":{"self":[{"href":"https:\/\/www.ffneustift.at\/index.php?rest_route=\/wp\/v2\/posts\/2397","targetHints":{"allow":["GET"]}}],"collection":[{"href":"https:\/\/www.ffneustift.at\/index.php?rest_route=\/wp\/v2\/posts"}],"about":[{"href":"https:\/\/www.ffneustift.at\/index.php?rest_route=\/wp\/v2\/types\/post"}],"author":[{"embeddable":true,"href":"https:\/\/www.ffneustift.at\/index.php?rest_route=\/wp\/v2\/users\/1"}],"replies":[{"embeddable":true,"href":"https:\/\/www.ffneustift.at\/index.php?rest_route=%2Fwp%2Fv2%2Fcomments&post=2397"}],"version-history":[{"count":3,"href":"https:\/\/www.ffneustift.at\/index.php?rest_route=\/wp\/v2\/posts\/2397\/revisions"}],"predecessor-version":[{"id":2407,"href":"https:\/\/www.ffneustift.at\/index.php?rest_route=\/wp\/v2\/posts\/2397\/revisions\/2407"}],"wp:attachment":[{"href":"https:\/\/www.ffneustift.at\/index.php?rest_route=%2Fwp%2Fv2%2Fmedia&parent=2397"}],"wp:term":[{"taxonomy":"category","embeddable":true,"href":"https:\/\/www.ffneustift.at\/index.php?rest_route=%2Fwp%2Fv2%2Fcategories&post=2397"},{"taxonomy":"post_tag","embeddable":true,"href":"https:\/\/www.ffneustift.at\/index.php?rest_route=%2Fwp%2Fv2%2Ftags&post=2397"}],"curies":[{"name":"wp","href":"https:\/\/api.w.org\/{rel}","templated":true}]}}