{"id":2378,"date":"2025-06-18T08:24:32","date_gmt":"2025-06-18T06:24:32","guid":{"rendered":"https:\/\/www.ffneustift.at\/?p=2378"},"modified":"2025-06-18T08:25:00","modified_gmt":"2025-06-18T06:25:00","slug":"starke-leistungen-beim-abschnittsfeuerwehrleistungsbewerb-in-altenwoerth","status":"publish","type":"post","link":"https:\/\/www.ffneustift.at\/?p=2378","title":{"rendered":"Starke Leistungen beim Abschnittsfeuerwehrleistungsbewerb in Altenw\u00f6rth"},"content":{"rendered":"\n<p><\/p>\n\n\n\n<p>Beim Abschnittsfeuerwehrleistungsbewerb in Altenw\u00f6rth am 14.6.25 waren unsere beiden Gruppen wieder voll motiviert am Start \u2013 und das mit Erfolg.<\/p>\n\n\n\n<p>In der Wertung <strong>Bronze<\/strong> konnten sich <strong>Neustift 1 und Neustift 2 jeweils den 2. Platz<\/strong> sichern. Zwei zweite Pl\u00e4tze \u2013 das kann sich sehen lassen!<\/p>\n\n\n\n<p>In <strong>Silber<\/strong> legten unsere Kameraden dann noch einen drauf und <strong>holten sich den 1. Platz<\/strong>.<\/p>\n\n\n<div class=\"flexslider ewic-slider-lite is_on_\" id=\"ewic-con-239169f4ba1418671\"><style>#ewic-con-239169f4ba1418671 .flex-direction-nav .flex-next, #ewic-con-239169f4ba1418671 .flex-direction-nav .flex-prev {opacity: 1;} #ewic-con-239169f4ba1418671 .flex-direction-nav .flex-next {right: 10px !important; text-align: right !important;} #ewic-con-239169f4ba1418671 .flex-direction-nav .flex-prev {left: 10px !important;}<\/style><div id=\"preloader-239169f4ba1418671\" class=\"sliderpreloader\"><\/div><ul style=\"display:none;\" class=\"slides flexslider-239169f4ba1418671\"><li class=\"ewic-slider\"><a href=\"https:\/\/www.ffneustift.at\/wp-content\/uploads\/2025\/06\/ff3.jpg\" title=\"ALFB Altenw\u00f6rth\" rel=\"ewicprettyPhoto[239169f4ba1418671]\"><img decoding=\"async\" title=\"ALFB Altenw\u00f6rth\" class=\"ewic-wid-imgs\" src=\"https:\/\/www.ffneustift.at\/wp-content\/uploads\/2025\/06\/ff3.jpg\" \/><p class=\"flex-caption\">ALFB Altenw\u00f6rth<\/p><\/a><\/li><li class=\"ewic-slider\"><a href=\"https:\/\/www.ffneustift.at\/wp-content\/uploads\/2025\/06\/ff1.jpg\" title=\"ALFB Altenw\u00f6rth\" rel=\"ewicprettyPhoto[239169f4ba1418671]\"><img decoding=\"async\" title=\"ALFB Altenw\u00f6rth\" class=\"ewic-wid-imgs\" src=\"https:\/\/www.ffneustift.at\/wp-content\/uploads\/2025\/06\/ff1.jpg\" \/><p class=\"flex-caption\">ALFB Altenw\u00f6rth<\/p><\/a><\/li><li class=\"ewic-slider\"><a href=\"https:\/\/www.ffneustift.at\/wp-content\/uploads\/2025\/06\/ff2.jpg\" title=\"ALFB Altenw\u00f6rth\" rel=\"ewicprettyPhoto[239169f4ba1418671]\"><img decoding=\"async\" title=\"ALFB Altenw\u00f6rth\" class=\"ewic-wid-imgs\" src=\"https:\/\/www.ffneustift.at\/wp-content\/uploads\/2025\/06\/ff2.jpg\" \/><p class=\"flex-caption\">ALFB Altenw\u00f6rth<\/p><\/a><\/li><li class=\"ewic-slider\"><a href=\"https:\/\/www.ffneustift.at\/wp-content\/uploads\/2025\/06\/ff4.jpg\" title=\"ALFB Altenw\u00f6rth\" rel=\"ewicprettyPhoto[239169f4ba1418671]\"><img decoding=\"async\" title=\"ALFB Altenw\u00f6rth\" class=\"ewic-wid-imgs\" src=\"https:\/\/www.ffneustift.at\/wp-content\/uploads\/2025\/06\/ff4.jpg\" \/><p class=\"flex-caption\">ALFB Altenw\u00f6rth<\/p><\/a><\/li><\/ul><script type=\"text\/javascript\">\r\n\tjQuery(document).ready(function($) {\r\n\r\n\t\t$(\"#preloader-239169f4ba1418671\").fadeOut(500, function () {\r\n\r\n\t\t\t$(\"#ewic-con-239169f4ba1418671\").addClass(\"ready_to_show\");\r\n\r\n\t\t\t$(\"a[rel^='ewicprettyPhoto[239169f4ba1418671]']\").ewcPhoto({\r\n\t\t\t\ttheme: \"ewc_default\",\r\n\t\t\t\tallow_expand: false,\r\n\t\t\t\tdeeplinking: false,\r\n\t\t\t\tslideshow:5000,\r\n\t\t\t\tautoplay_slideshow:true,\r\n\t\t\t\tsocial_tools:false\r\n\t\t\t});\r\n\r\n\t\t\t$(\".flexslider-239169f4ba1418671\").fadeIn(300);\r\n\r\n\t\t\t$(\"#ewic-con-239169f4ba1418671\").flexslider({\r\n\t\t\t\tanimation: \"slide\",\r\n\t\t\t\tanimationSpeed: 0,\r\n\t\t\t\tuseCSS: false,\r\n\t\t\t\teasing: \"easeInQuad\",\r\n\t\t\t\tdirection: \"horizontal\",\r\n\t\t\t\tslideshow: true,\r\n\t\t\t\tsmoothHeight: true,\r\n\t\t\t\tpauseOnHover: true,\r\n\t\t\t\tcontrolNav: false,\r\n\t\t\t\tprevText: \"\",\r\n\t\t\t\tnextText: \"\",\r\n\t\t\t\trtl: false,\r\n\t\t\t\tslideshowSpeed: 5000,\r\n\t\t\t\tstart: function(slider){\r\n\t\t\t\t\t$(\"#ewic-con-239169f4ba1418671\").find(\".flex-caption\").hide();\r\n\t\t\t\t\tvar curSlide = slider.find(\"li.flex-active-slide\");\r\n\t\t\t\t\t$(curSlide).find(\".flex-caption\").slideDown();\r\n\t\t\t\t},\r\n\t\t\t\tbefore: function(slider) {\r\n\t\t\t\t\t$(\"#ewic-con-239169f4ba1418671\").find(\".flex-caption\").slideUp();\r\n\t\t\t\t},\r\n\t\t\t\tafter: function(slider) {\r\n\t\t\t\t\tvar curSlide = slider.find(\"li.flex-active-slide\");\r\n\t\t\t\t\t$(curSlide).find(\".flex-caption\").slideDown();\r\n\t\t\t\t}\r\n\r\n\t\t\t});\r\n\r\n\t\t});\r\n\r\n\t});\r\n<\/script><\/div>\r\n\n\n\n\n<p>Ein gro\u00dfes Danke an die Feuerwehr Altenw\u00f6rth f\u00fcr die gute Organisation und Gratulation an alle, die mit vollem Einsatz dabei waren!<\/p>\n\n\n\n<p><\/p>\n","protected":false},"excerpt":{"rendered":"<p>Beim Abschnittsfeuerwehrleistungsbewerb in Altenw\u00f6rth am 14.6.25 waren unsere beiden Gruppen wieder voll motiviert am Start \u2013 und das mit Erfolg. In der Wertung Bronze konnten sich Neustift 1 und Neustift 2 jeweils den 2. Platz sichern. Zwei zweite Pl\u00e4tze \u2013 das kann sich sehen lassen! In Silber legten unsere Kameraden dann noch einen drauf und [&hellip;]<\/p>\n","protected":false},"author":1,"featured_media":0,"comment_status":"closed","ping_status":"open","sticky":false,"template":"","format":"standard","meta":{"jetpack_post_was_ever_published":false,"_jetpack_newsletter_access":"","_jetpack_dont_email_post_to_subs":false,"_jetpack_newsletter_tier_id":0,"_jetpack_memberships_contains_paywalled_content":false,"_jetpack_memberships_contains_paid_content":false,"footnotes":"","jetpack_publicize_message":"","jetpack_publicize_feature_enabled":true,"jetpack_social_post_already_shared":true,"jetpack_social_options":{"image_generator_settings":{"template":"highway","default_image_id":0,"font":"","enabled":false},"version":2}},"categories":[1],"tags":[],"class_list":["post-2378","post","type-post","status-publish","format-standard","hentry","category-allgemein"],"jetpack_publicize_connections":[],"jetpack_featured_media_url":"","jetpack_sharing_enabled":true,"jetpack_shortlink":"https:\/\/wp.me\/p9x3fP-Cm","_links":{"self":[{"href":"https:\/\/www.ffneustift.at\/index.php?rest_route=\/wp\/v2\/posts\/2378","targetHints":{"allow":["GET"]}}],"collection":[{"href":"https:\/\/www.ffneustift.at\/index.php?rest_route=\/wp\/v2\/posts"}],"about":[{"href":"https:\/\/www.ffneustift.at\/index.php?rest_route=\/wp\/v2\/types\/post"}],"author":[{"embeddable":true,"href":"https:\/\/www.ffneustift.at\/index.php?rest_route=\/wp\/v2\/users\/1"}],"replies":[{"embeddable":true,"href":"https:\/\/www.ffneustift.at\/index.php?rest_route=%2Fwp%2Fv2%2Fcomments&post=2378"}],"version-history":[{"count":9,"href":"https:\/\/www.ffneustift.at\/index.php?rest_route=\/wp\/v2\/posts\/2378\/revisions"}],"predecessor-version":[{"id":2395,"href":"https:\/\/www.ffneustift.at\/index.php?rest_route=\/wp\/v2\/posts\/2378\/revisions\/2395"}],"wp:attachment":[{"href":"https:\/\/www.ffneustift.at\/index.php?rest_route=%2Fwp%2Fv2%2Fmedia&parent=2378"}],"wp:term":[{"taxonomy":"category","embeddable":true,"href":"https:\/\/www.ffneustift.at\/index.php?rest_route=%2Fwp%2Fv2%2Fcategories&post=2378"},{"taxonomy":"post_tag","embeddable":true,"href":"https:\/\/www.ffneustift.at\/index.php?rest_route=%2Fwp%2Fv2%2Ftags&post=2378"}],"curies":[{"name":"wp","href":"https:\/\/api.w.org\/{rel}","templated":true}]}}