{"id":2366,"date":"2025-03-29T18:35:59","date_gmt":"2025-03-29T17:35:59","guid":{"rendered":"https:\/\/www.ffneustift.at\/?p=2366"},"modified":"2025-03-29T18:57:46","modified_gmt":"2025-03-29T17:57:46","slug":"2366","status":"publish","type":"post","link":"https:\/\/www.ffneustift.at\/?p=2366","title":{"rendered":"Modul Abschluss Truppmann in Michelhausen"},"content":{"rendered":"\n<p>Beim Modul Abschluss Truppmann wurden die in der Grundausbildung erworbenen F\u00e4higkeiten in einem theoretischen und einem praktischen Teil durch die Lehrbeauftragten des Bezirks Tulln \u00fcberpr\u00fcft.<\/p>\n\n\n\n<p>Die vier Pr\u00fcfungsaspiranten unseres Unterabschnitts:<\/p>\n\n\n\n<p>Gabriel B\u00f6ck (FF Neustift im Felde), Laura Waller, Marcel Grill (FF Altenw\u00f6rth-Gigging) und Stefan Fischer (FF Kollersdorf-Sachsendorf) meisterten diese mit Bravour.<\/p>\n\n\n\n<p>Wir gratulieren herzlich!<\/p>\n\n\n<div class=\"flexslider ewic-slider-lite is_on_\" id=\"ewic-con-236469f4ba2d6a619\"><style>#ewic-con-236469f4ba2d6a619 .flex-direction-nav .flex-next, #ewic-con-236469f4ba2d6a619 .flex-direction-nav .flex-prev {opacity: 1;} #ewic-con-236469f4ba2d6a619 .flex-direction-nav .flex-next {right: 10px !important; text-align: right !important;} #ewic-con-236469f4ba2d6a619 .flex-direction-nav .flex-prev {left: 10px !important;}<\/style><div id=\"preloader-236469f4ba2d6a619\" class=\"sliderpreloader\"><\/div><ul style=\"display:none;\" class=\"slides flexslider-236469f4ba2d6a619\"><li class=\"ewic-slider\"><a href=\"https:\/\/www.ffneustift.at\/wp-content\/uploads\/2025\/03\/WhatsApp-Image-2025-03-29-at-18.27.14.jpeg\"  rel=\"ewicprettyPhoto[236469f4ba2d6a619]\"><img decoding=\"async\"  class=\"ewic-wid-imgs\" src=\"https:\/\/www.ffneustift.at\/wp-content\/uploads\/2025\/03\/WhatsApp-Image-2025-03-29-at-18.27.14.jpeg\" \/><p class=\"flex-caption\"><\/p><\/a><\/li><\/ul><script type=\"text\/javascript\">\r\n\tjQuery(document).ready(function($) {\r\n\r\n\t\t$(\"#preloader-236469f4ba2d6a619\").fadeOut(500, function () {\r\n\r\n\t\t\t$(\"#ewic-con-236469f4ba2d6a619\").addClass(\"ready_to_show\");\r\n\r\n\t\t\t$(\"a[rel^='ewicprettyPhoto[236469f4ba2d6a619]']\").ewcPhoto({\r\n\t\t\t\ttheme: \"ewc_default\",\r\n\t\t\t\tallow_expand: false,\r\n\t\t\t\tdeeplinking: false,\r\n\t\t\t\tslideshow:5000,\r\n\t\t\t\tautoplay_slideshow:true,\r\n\t\t\t\tsocial_tools:false\r\n\t\t\t});\r\n\r\n\t\t\t$(\".flexslider-236469f4ba2d6a619\").fadeIn(300);\r\n\r\n\t\t\t$(\"#ewic-con-236469f4ba2d6a619\").flexslider({\r\n\t\t\t\tanimation: \"slide\",\r\n\t\t\t\tanimationSpeed: 0,\r\n\t\t\t\tuseCSS: false,\r\n\t\t\t\teasing: \"easeInQuad\",\r\n\t\t\t\tdirection: \"horizontal\",\r\n\t\t\t\tslideshow: true,\r\n\t\t\t\tsmoothHeight: true,\r\n\t\t\t\tpauseOnHover: true,\r\n\t\t\t\tcontrolNav: false,\r\n\t\t\t\tprevText: \"\",\r\n\t\t\t\tnextText: \"\",\r\n\t\t\t\trtl: false,\r\n\t\t\t\tslideshowSpeed: 5000,\r\n\t\t\t\tstart: function(slider){\r\n\t\t\t\t\t$(\"#ewic-con-236469f4ba2d6a619\").find(\".flex-caption\").hide();\r\n\t\t\t\t\tvar curSlide = slider.find(\"li.flex-active-slide\");\r\n\t\t\t\t\t$(curSlide).find(\".flex-caption\").slideDown();\r\n\t\t\t\t},\r\n\t\t\t\tbefore: function(slider) {\r\n\t\t\t\t\t$(\"#ewic-con-236469f4ba2d6a619\").find(\".flex-caption\").slideUp();\r\n\t\t\t\t},\r\n\t\t\t\tafter: function(slider) {\r\n\t\t\t\t\tvar curSlide = slider.find(\"li.flex-active-slide\");\r\n\t\t\t\t\t$(curSlide).find(\".flex-caption\").slideDown();\r\n\t\t\t\t}\r\n\r\n\t\t\t});\r\n\r\n\t\t});\r\n\r\n\t});\r\n<\/script><\/div>\r\n\n\n\n\n<p>Foto v.l.n.r.: HV Katrin Veitl, PFM Stefan Fischer, PFM Gabriel B\u00f6ck, OBI Alfred S\u00f6llner, PFM Laura Waller, ABI Friedrich Markus Stalla und PFM Marcel Grill<\/p>\n","protected":false},"excerpt":{"rendered":"<p>Beim Modul Abschluss Truppmann wurden die in der Grundausbildung erworbenen F\u00e4higkeiten in einem theoretischen und einem praktischen Teil durch die Lehrbeauftragten des Bezirks Tulln \u00fcberpr\u00fcft. Die vier Pr\u00fcfungsaspiranten unseres Unterabschnitts: Gabriel B\u00f6ck (FF Neustift im Felde), Laura Waller, Marcel Grill (FF Altenw\u00f6rth-Gigging) und Stefan Fischer (FF Kollersdorf-Sachsendorf) meisterten diese mit Bravour. Wir gratulieren herzlich! Foto [&hellip;]<\/p>\n","protected":false},"author":1,"featured_media":0,"comment_status":"closed","ping_status":"open","sticky":false,"template":"","format":"standard","meta":{"jetpack_post_was_ever_published":false,"_jetpack_newsletter_access":"","_jetpack_dont_email_post_to_subs":false,"_jetpack_newsletter_tier_id":0,"_jetpack_memberships_contains_paywalled_content":false,"_jetpack_memberships_contains_paid_content":false,"footnotes":"","jetpack_publicize_message":"","jetpack_publicize_feature_enabled":true,"jetpack_social_post_already_shared":true,"jetpack_social_options":{"image_generator_settings":{"template":"highway","default_image_id":0,"font":"","enabled":false},"version":2}},"categories":[1],"tags":[],"class_list":["post-2366","post","type-post","status-publish","format-standard","hentry","category-allgemein"],"jetpack_publicize_connections":[],"jetpack_featured_media_url":"","jetpack_sharing_enabled":true,"jetpack_shortlink":"https:\/\/wp.me\/s9x3fP-2366","_links":{"self":[{"href":"https:\/\/www.ffneustift.at\/index.php?rest_route=\/wp\/v2\/posts\/2366","targetHints":{"allow":["GET"]}}],"collection":[{"href":"https:\/\/www.ffneustift.at\/index.php?rest_route=\/wp\/v2\/posts"}],"about":[{"href":"https:\/\/www.ffneustift.at\/index.php?rest_route=\/wp\/v2\/types\/post"}],"author":[{"embeddable":true,"href":"https:\/\/www.ffneustift.at\/index.php?rest_route=\/wp\/v2\/users\/1"}],"replies":[{"embeddable":true,"href":"https:\/\/www.ffneustift.at\/index.php?rest_route=%2Fwp%2Fv2%2Fcomments&post=2366"}],"version-history":[{"count":3,"href":"https:\/\/www.ffneustift.at\/index.php?rest_route=\/wp\/v2\/posts\/2366\/revisions"}],"predecessor-version":[{"id":2370,"href":"https:\/\/www.ffneustift.at\/index.php?rest_route=\/wp\/v2\/posts\/2366\/revisions\/2370"}],"wp:attachment":[{"href":"https:\/\/www.ffneustift.at\/index.php?rest_route=%2Fwp%2Fv2%2Fmedia&parent=2366"}],"wp:term":[{"taxonomy":"category","embeddable":true,"href":"https:\/\/www.ffneustift.at\/index.php?rest_route=%2Fwp%2Fv2%2Fcategories&post=2366"},{"taxonomy":"post_tag","embeddable":true,"href":"https:\/\/www.ffneustift.at\/index.php?rest_route=%2Fwp%2Fv2%2Ftags&post=2366"}],"curies":[{"name":"wp","href":"https:\/\/api.w.org\/{rel}","templated":true}]}}