{"id":2313,"date":"2024-09-08T17:29:53","date_gmt":"2024-09-08T15:29:53","guid":{"rendered":"https:\/\/www.ffneustift.at\/?p=2313"},"modified":"2024-09-08T18:14:54","modified_gmt":"2024-09-08T16:14:54","slug":"feuerwehrfest-2024","status":"publish","type":"post","link":"https:\/\/www.ffneustift.at\/?p=2313","title":{"rendered":"Feuerwehrfest 2024"},"content":{"rendered":"\n<p>!Das war unser heuriges Feuerwehrfest!<\/p>\n\n\n\n<p>Wir starteten am Freitag dem 23. August mit dem Erntedankfest in der Dorfkirche und&nbsp; dem Stelzenessen im Festzelt. Anschlie\u00dfend sorgte die Music4Dance Band f\u00fcr Stimmung bis weit nach Mitternacht. Ab 20:00 gesellte sich zur bereits ge\u00f6ffneten Spritzerbar und Weinschank auch unsere Bar im Keller dazu.<\/p>\n\n\n\n<p>Der Samstag begann mit dem Nassbewerb am Sportplatz und zeitgleich startete der Fesbetrieb beim Feuerwehrhaus, welcher ab 20 Uhr wieder von Music4Dance begleitet wurde. Als strahlende Sieger des Nassbewerbs erwiesen sich die Kameraden der FF Kollersdorf\/Sachsendorf.<\/p>\n\n\n\n<p>Der Sonntag begann mit der Feldmesse vor der Kirche, welche von unserem Pfarrer Maximilian Walterskirchen abgehalten und von den Ursprungsbrass musikalisch umrahmt wurde. Beim anschlie\u00dfenden Mittagstisch wurden all unsere Erwartungen \u00fcbertroffen und die Pl\u00e4tze zur Mangelware. Um 19 Uhr folgte die Tombolaverlosung und das Fest nahm langsam seinen Ausklang.<\/p>\n\n\n\n<p>Wir bedanken uns bei all unseren Helfern und Besuchern und freuen uns schon auf das kommende Feuerwehrfest von 22. 8. \u2013 24.8. 2025.<\/p>\n\n\n<div class=\"flexslider ewic-slider-lite is_on_\" id=\"ewic-con-231669f4ba14a2e54\"><style>#ewic-con-231669f4ba14a2e54 .flex-direction-nav .flex-next, #ewic-con-231669f4ba14a2e54 .flex-direction-nav .flex-prev {opacity: 1;} #ewic-con-231669f4ba14a2e54 .flex-direction-nav .flex-next {right: 10px !important; text-align: right !important;} #ewic-con-231669f4ba14a2e54 .flex-direction-nav .flex-prev {left: 10px !important;}<\/style><div id=\"preloader-231669f4ba14a2e54\" class=\"sliderpreloader\"><\/div><ul style=\"display:none;\" class=\"slides flexslider-231669f4ba14a2e54\"><li class=\"ewic-slider\"><a href=\"https:\/\/www.ffneustift.at\/wp-content\/uploads\/2024\/09\/IMG_7089-scaled.jpg\"  rel=\"ewicprettyPhoto[231669f4ba14a2e54]\"><img decoding=\"async\"  class=\"ewic-wid-imgs\" src=\"https:\/\/www.ffneustift.at\/wp-content\/uploads\/2024\/09\/IMG_7089-scaled.jpg\" \/><p class=\"flex-caption\"><\/p><\/a><\/li><li class=\"ewic-slider\"><a href=\"https:\/\/www.ffneustift.at\/wp-content\/uploads\/2024\/09\/FCPZ3615.jpg\"  rel=\"ewicprettyPhoto[231669f4ba14a2e54]\"><img decoding=\"async\"  class=\"ewic-wid-imgs\" src=\"https:\/\/www.ffneustift.at\/wp-content\/uploads\/2024\/09\/FCPZ3615.jpg\" \/><p class=\"flex-caption\"><\/p><\/a><\/li><li class=\"ewic-slider\"><a href=\"https:\/\/www.ffneustift.at\/wp-content\/uploads\/2024\/09\/GZIZ2396.jpg\"  rel=\"ewicprettyPhoto[231669f4ba14a2e54]\"><img decoding=\"async\"  class=\"ewic-wid-imgs\" src=\"https:\/\/www.ffneustift.at\/wp-content\/uploads\/2024\/09\/GZIZ2396.jpg\" \/><p class=\"flex-caption\"><\/p><\/a><\/li><li class=\"ewic-slider\"><a href=\"https:\/\/www.ffneustift.at\/wp-content\/uploads\/2024\/09\/BSIG2383.jpg\"  rel=\"ewicprettyPhoto[231669f4ba14a2e54]\"><img decoding=\"async\"  class=\"ewic-wid-imgs\" src=\"https:\/\/www.ffneustift.at\/wp-content\/uploads\/2024\/09\/BSIG2383.jpg\" \/><p class=\"flex-caption\"><\/p><\/a><\/li><li class=\"ewic-slider\"><a href=\"https:\/\/www.ffneustift.at\/wp-content\/uploads\/2024\/09\/AGOU7989.jpg\"  rel=\"ewicprettyPhoto[231669f4ba14a2e54]\"><img decoding=\"async\"  class=\"ewic-wid-imgs\" src=\"https:\/\/www.ffneustift.at\/wp-content\/uploads\/2024\/09\/AGOU7989.jpg\" \/><p class=\"flex-caption\"><\/p><\/a><\/li><li class=\"ewic-slider\"><a href=\"https:\/\/www.ffneustift.at\/wp-content\/uploads\/2024\/09\/JCLR2657.jpg\"  rel=\"ewicprettyPhoto[231669f4ba14a2e54]\"><img decoding=\"async\"  class=\"ewic-wid-imgs\" src=\"https:\/\/www.ffneustift.at\/wp-content\/uploads\/2024\/09\/JCLR2657.jpg\" \/><p class=\"flex-caption\"><\/p><\/a><\/li><li class=\"ewic-slider\"><a href=\"https:\/\/www.ffneustift.at\/wp-content\/uploads\/2024\/09\/QAAV8261.jpg\"  rel=\"ewicprettyPhoto[231669f4ba14a2e54]\"><img decoding=\"async\"  class=\"ewic-wid-imgs\" src=\"https:\/\/www.ffneustift.at\/wp-content\/uploads\/2024\/09\/QAAV8261.jpg\" \/><p class=\"flex-caption\"><\/p><\/a><\/li><li class=\"ewic-slider\"><a href=\"https:\/\/www.ffneustift.at\/wp-content\/uploads\/2024\/09\/JNDH3482.jpg\"  rel=\"ewicprettyPhoto[231669f4ba14a2e54]\"><img decoding=\"async\"  class=\"ewic-wid-imgs\" src=\"https:\/\/www.ffneustift.at\/wp-content\/uploads\/2024\/09\/JNDH3482.jpg\" \/><p class=\"flex-caption\"><\/p><\/a><\/li><li class=\"ewic-slider\"><a href=\"https:\/\/www.ffneustift.at\/wp-content\/uploads\/2024\/09\/WHGF8294.jpg\"  rel=\"ewicprettyPhoto[231669f4ba14a2e54]\"><img decoding=\"async\"  class=\"ewic-wid-imgs\" src=\"https:\/\/www.ffneustift.at\/wp-content\/uploads\/2024\/09\/WHGF8294.jpg\" \/><p class=\"flex-caption\"><\/p><\/a><\/li><\/ul><script type=\"text\/javascript\">\r\n\tjQuery(document).ready(function($) {\r\n\r\n\t\t$(\"#preloader-231669f4ba14a2e54\").fadeOut(500, function () {\r\n\r\n\t\t\t$(\"#ewic-con-231669f4ba14a2e54\").addClass(\"ready_to_show\");\r\n\r\n\t\t\t$(\"a[rel^='ewicprettyPhoto[231669f4ba14a2e54]']\").ewcPhoto({\r\n\t\t\t\ttheme: \"ewc_default\",\r\n\t\t\t\tallow_expand: false,\r\n\t\t\t\tdeeplinking: false,\r\n\t\t\t\tslideshow:5000,\r\n\t\t\t\tautoplay_slideshow:true,\r\n\t\t\t\tsocial_tools:false\r\n\t\t\t});\r\n\r\n\t\t\t$(\".flexslider-231669f4ba14a2e54\").fadeIn(300);\r\n\r\n\t\t\t$(\"#ewic-con-231669f4ba14a2e54\").flexslider({\r\n\t\t\t\tanimation: \"slide\",\r\n\t\t\t\tanimationSpeed: 0,\r\n\t\t\t\tuseCSS: false,\r\n\t\t\t\teasing: \"easeInQuad\",\r\n\t\t\t\tdirection: \"horizontal\",\r\n\t\t\t\tslideshow: true,\r\n\t\t\t\tsmoothHeight: true,\r\n\t\t\t\tpauseOnHover: true,\r\n\t\t\t\tcontrolNav: false,\r\n\t\t\t\tprevText: \"\",\r\n\t\t\t\tnextText: \"\",\r\n\t\t\t\trtl: false,\r\n\t\t\t\tslideshowSpeed: 5000,\r\n\t\t\t\tstart: function(slider){\r\n\t\t\t\t\t$(\"#ewic-con-231669f4ba14a2e54\").find(\".flex-caption\").hide();\r\n\t\t\t\t\tvar curSlide = slider.find(\"li.flex-active-slide\");\r\n\t\t\t\t\t$(curSlide).find(\".flex-caption\").slideDown();\r\n\t\t\t\t},\r\n\t\t\t\tbefore: function(slider) {\r\n\t\t\t\t\t$(\"#ewic-con-231669f4ba14a2e54\").find(\".flex-caption\").slideUp();\r\n\t\t\t\t},\r\n\t\t\t\tafter: function(slider) {\r\n\t\t\t\t\tvar curSlide = slider.find(\"li.flex-active-slide\");\r\n\t\t\t\t\t$(curSlide).find(\".flex-caption\").slideDown();\r\n\t\t\t\t}\r\n\r\n\t\t\t});\r\n\r\n\t\t});\r\n\r\n\t});\r\n<\/script><\/div>\r\n\n","protected":false},"excerpt":{"rendered":"<p>!Das war unser heuriges Feuerwehrfest! Wir starteten am Freitag dem 23. August mit dem Erntedankfest in der Dorfkirche und&nbsp; dem Stelzenessen im Festzelt. Anschlie\u00dfend sorgte die Music4Dance Band f\u00fcr Stimmung bis weit nach Mitternacht. Ab 20:00 gesellte sich zur bereits ge\u00f6ffneten Spritzerbar und Weinschank auch unsere Bar im Keller dazu. Der Samstag begann mit dem [&hellip;]<\/p>\n","protected":false},"author":1,"featured_media":0,"comment_status":"closed","ping_status":"open","sticky":false,"template":"","format":"standard","meta":{"jetpack_post_was_ever_published":false,"_jetpack_newsletter_access":"","_jetpack_dont_email_post_to_subs":false,"_jetpack_newsletter_tier_id":0,"_jetpack_memberships_contains_paywalled_content":false,"_jetpack_memberships_contains_paid_content":false,"footnotes":"","jetpack_publicize_message":"","jetpack_publicize_feature_enabled":true,"jetpack_social_post_already_shared":true,"jetpack_social_options":{"image_generator_settings":{"template":"highway","default_image_id":0,"font":"","enabled":false},"version":2}},"categories":[1],"tags":[],"class_list":["post-2313","post","type-post","status-publish","format-standard","hentry","category-allgemein"],"jetpack_publicize_connections":[],"jetpack_featured_media_url":"","jetpack_sharing_enabled":true,"jetpack_shortlink":"https:\/\/wp.me\/p9x3fP-Bj","_links":{"self":[{"href":"https:\/\/www.ffneustift.at\/index.php?rest_route=\/wp\/v2\/posts\/2313","targetHints":{"allow":["GET"]}}],"collection":[{"href":"https:\/\/www.ffneustift.at\/index.php?rest_route=\/wp\/v2\/posts"}],"about":[{"href":"https:\/\/www.ffneustift.at\/index.php?rest_route=\/wp\/v2\/types\/post"}],"author":[{"embeddable":true,"href":"https:\/\/www.ffneustift.at\/index.php?rest_route=\/wp\/v2\/users\/1"}],"replies":[{"embeddable":true,"href":"https:\/\/www.ffneustift.at\/index.php?rest_route=%2Fwp%2Fv2%2Fcomments&post=2313"}],"version-history":[{"count":3,"href":"https:\/\/www.ffneustift.at\/index.php?rest_route=\/wp\/v2\/posts\/2313\/revisions"}],"predecessor-version":[{"id":2326,"href":"https:\/\/www.ffneustift.at\/index.php?rest_route=\/wp\/v2\/posts\/2313\/revisions\/2326"}],"wp:attachment":[{"href":"https:\/\/www.ffneustift.at\/index.php?rest_route=%2Fwp%2Fv2%2Fmedia&parent=2313"}],"wp:term":[{"taxonomy":"category","embeddable":true,"href":"https:\/\/www.ffneustift.at\/index.php?rest_route=%2Fwp%2Fv2%2Fcategories&post=2313"},{"taxonomy":"post_tag","embeddable":true,"href":"https:\/\/www.ffneustift.at\/index.php?rest_route=%2Fwp%2Fv2%2Ftags&post=2313"}],"curies":[{"name":"wp","href":"https:\/\/api.w.org\/{rel}","templated":true}]}}