{"id":2232,"date":"2024-04-21T19:55:20","date_gmt":"2024-04-21T17:55:20","guid":{"rendered":"https:\/\/www.ffneustift.at\/?p=2232"},"modified":"2024-04-21T19:57:39","modified_gmt":"2024-04-21T17:57:39","slug":"vier-neue-atemschutzgeraetetraeger","status":"publish","type":"post","link":"https:\/\/www.ffneustift.at\/?p=2232","title":{"rendered":"Vier neue Atemschutzger\u00e4tetr\u00e4ger"},"content":{"rendered":"\n<p>Am 20. und 21. April absolvierten die Kameraden Nina Kirchhofer, Sophie Kolm, Eduard Nicolaescu und Philipp Zimmermann den Atemschutzger\u00e4tetr\u00e4ger-Lehrgang in Gro\u00dfweikersdorf.<\/p>\n\n\n\n<p>Am ersten Tag standen Theorie und Trockentraining auf dem Programm, am zweiten Tag wurde die Personensuche, Vorgehen vor Betreten eines Brandraums, Orientierung bei schlechter Sicht und vieles mehr unter Atemschutz ge\u00fcbt.<\/p>\n\n\n\n<p>Wir gratulieren den Kameraden zur absolvierten Ausbildung und freuen uns, dass wir im Einsatzfall auf weitere vier Atemschutzger\u00e4tetr\u00e4ger zur\u00fcckgreifen k\u00f6nnen.<\/p>\n\n\n\n<p>Danke an die Ausbilder des Bezirksfeuerwehrkommandos Tulln f\u00fcr die hervorragende Arbeit.<\/p>\n\n\n<div class=\"flexslider ewic-slider-lite is_on_\" id=\"ewic-con-223569f4cca177dcf\"><style>#ewic-con-223569f4cca177dcf .flex-direction-nav .flex-next, #ewic-con-223569f4cca177dcf .flex-direction-nav .flex-prev {opacity: 1;} #ewic-con-223569f4cca177dcf .flex-direction-nav .flex-next {right: 10px !important; text-align: right !important;} #ewic-con-223569f4cca177dcf .flex-direction-nav .flex-prev {left: 10px !important;}<\/style><div id=\"preloader-223569f4cca177dcf\" class=\"sliderpreloader\"><\/div><ul style=\"display:none;\" class=\"slides flexslider-223569f4cca177dcf\"><li class=\"ewic-slider\"><a href=\"https:\/\/www.ffneustift.at\/wp-content\/uploads\/2024\/04\/WhatsApp-Image-2024-04-21-at-18.21.52.jpeg\"  rel=\"ewicprettyPhoto[223569f4cca177dcf]\"><img decoding=\"async\"  class=\"ewic-wid-imgs\" src=\"https:\/\/www.ffneustift.at\/wp-content\/uploads\/2024\/04\/WhatsApp-Image-2024-04-21-at-18.21.52.jpeg\" \/><p class=\"flex-caption\"><\/p><\/a><\/li><li class=\"ewic-slider\"><a href=\"https:\/\/www.ffneustift.at\/wp-content\/uploads\/2024\/04\/WhatsApp-Image-2024-04-21-at-18.21.30.jpeg\"  rel=\"ewicprettyPhoto[223569f4cca177dcf]\"><img decoding=\"async\"  class=\"ewic-wid-imgs\" src=\"https:\/\/www.ffneustift.at\/wp-content\/uploads\/2024\/04\/WhatsApp-Image-2024-04-21-at-18.21.30.jpeg\" \/><p class=\"flex-caption\"><\/p><\/a><\/li><\/ul><script type=\"text\/javascript\">\r\n\tjQuery(document).ready(function($) {\r\n\r\n\t\t$(\"#preloader-223569f4cca177dcf\").fadeOut(500, function () {\r\n\r\n\t\t\t$(\"#ewic-con-223569f4cca177dcf\").addClass(\"ready_to_show\");\r\n\r\n\t\t\t$(\"a[rel^='ewicprettyPhoto[223569f4cca177dcf]']\").ewcPhoto({\r\n\t\t\t\ttheme: \"ewc_default\",\r\n\t\t\t\tallow_expand: false,\r\n\t\t\t\tdeeplinking: false,\r\n\t\t\t\tslideshow:5000,\r\n\t\t\t\tautoplay_slideshow:true,\r\n\t\t\t\tsocial_tools:false\r\n\t\t\t});\r\n\r\n\t\t\t$(\".flexslider-223569f4cca177dcf\").fadeIn(300);\r\n\r\n\t\t\t$(\"#ewic-con-223569f4cca177dcf\").flexslider({\r\n\t\t\t\tanimation: \"slide\",\r\n\t\t\t\tanimationSpeed: 0,\r\n\t\t\t\tuseCSS: false,\r\n\t\t\t\teasing: \"easeInQuad\",\r\n\t\t\t\tdirection: \"horizontal\",\r\n\t\t\t\tslideshow: true,\r\n\t\t\t\tsmoothHeight: true,\r\n\t\t\t\tpauseOnHover: true,\r\n\t\t\t\tcontrolNav: false,\r\n\t\t\t\tprevText: \"\",\r\n\t\t\t\tnextText: \"\",\r\n\t\t\t\trtl: false,\r\n\t\t\t\tslideshowSpeed: 5000,\r\n\t\t\t\tstart: function(slider){\r\n\t\t\t\t\t$(\"#ewic-con-223569f4cca177dcf\").find(\".flex-caption\").hide();\r\n\t\t\t\t\tvar curSlide = slider.find(\"li.flex-active-slide\");\r\n\t\t\t\t\t$(curSlide).find(\".flex-caption\").slideDown();\r\n\t\t\t\t},\r\n\t\t\t\tbefore: function(slider) {\r\n\t\t\t\t\t$(\"#ewic-con-223569f4cca177dcf\").find(\".flex-caption\").slideUp();\r\n\t\t\t\t},\r\n\t\t\t\tafter: function(slider) {\r\n\t\t\t\t\tvar curSlide = slider.find(\"li.flex-active-slide\");\r\n\t\t\t\t\t$(curSlide).find(\".flex-caption\").slideDown();\r\n\t\t\t\t}\r\n\r\n\t\t\t});\r\n\r\n\t\t});\r\n\r\n\t});\r\n<\/script><\/div>\r\n\n","protected":false},"excerpt":{"rendered":"<p>Am 20. und 21. April absolvierten die Kameraden Nina Kirchhofer, Sophie Kolm, Eduard Nicolaescu und Philipp Zimmermann den Atemschutzger\u00e4tetr\u00e4ger-Lehrgang in Gro\u00dfweikersdorf. Am ersten Tag standen Theorie und Trockentraining auf dem Programm, am zweiten Tag wurde die Personensuche, Vorgehen vor Betreten eines Brandraums, Orientierung bei schlechter Sicht und vieles mehr unter Atemschutz ge\u00fcbt. Wir gratulieren den [&hellip;]<\/p>\n","protected":false},"author":1,"featured_media":0,"comment_status":"closed","ping_status":"open","sticky":false,"template":"","format":"standard","meta":{"jetpack_post_was_ever_published":false,"_jetpack_newsletter_access":"","_jetpack_dont_email_post_to_subs":false,"_jetpack_newsletter_tier_id":0,"_jetpack_memberships_contains_paywalled_content":false,"_jetpack_memberships_contains_paid_content":false,"footnotes":"","jetpack_publicize_message":"","jetpack_publicize_feature_enabled":true,"jetpack_social_post_already_shared":true,"jetpack_social_options":{"image_generator_settings":{"template":"highway","default_image_id":0,"font":"","enabled":false},"version":2}},"categories":[1],"tags":[],"class_list":["post-2232","post","type-post","status-publish","format-standard","hentry","category-allgemein"],"jetpack_publicize_connections":[],"jetpack_featured_media_url":"","jetpack_sharing_enabled":true,"jetpack_shortlink":"https:\/\/wp.me\/p9x3fP-A0","_links":{"self":[{"href":"https:\/\/www.ffneustift.at\/index.php?rest_route=\/wp\/v2\/posts\/2232","targetHints":{"allow":["GET"]}}],"collection":[{"href":"https:\/\/www.ffneustift.at\/index.php?rest_route=\/wp\/v2\/posts"}],"about":[{"href":"https:\/\/www.ffneustift.at\/index.php?rest_route=\/wp\/v2\/types\/post"}],"author":[{"embeddable":true,"href":"https:\/\/www.ffneustift.at\/index.php?rest_route=\/wp\/v2\/users\/1"}],"replies":[{"embeddable":true,"href":"https:\/\/www.ffneustift.at\/index.php?rest_route=%2Fwp%2Fv2%2Fcomments&post=2232"}],"version-history":[{"count":3,"href":"https:\/\/www.ffneustift.at\/index.php?rest_route=\/wp\/v2\/posts\/2232\/revisions"}],"predecessor-version":[{"id":2238,"href":"https:\/\/www.ffneustift.at\/index.php?rest_route=\/wp\/v2\/posts\/2232\/revisions\/2238"}],"wp:attachment":[{"href":"https:\/\/www.ffneustift.at\/index.php?rest_route=%2Fwp%2Fv2%2Fmedia&parent=2232"}],"wp:term":[{"taxonomy":"category","embeddable":true,"href":"https:\/\/www.ffneustift.at\/index.php?rest_route=%2Fwp%2Fv2%2Fcategories&post=2232"},{"taxonomy":"post_tag","embeddable":true,"href":"https:\/\/www.ffneustift.at\/index.php?rest_route=%2Fwp%2Fv2%2Ftags&post=2232"}],"curies":[{"name":"wp","href":"https:\/\/api.w.org\/{rel}","templated":true}]}}