{"id":2228,"date":"2024-04-14T10:22:00","date_gmt":"2024-04-14T08:22:00","guid":{"rendered":"https:\/\/www.ffneustift.at\/?p=2228"},"modified":"2024-04-14T10:23:04","modified_gmt":"2024-04-14T08:23:04","slug":"modul-abschluss-truppmann-in-pischelsdorf","status":"publish","type":"post","link":"https:\/\/www.ffneustift.at\/?p=2228","title":{"rendered":"Modul Abschluss Truppmann in Pischelsdorf"},"content":{"rendered":"\n<p>Am Freitag fand der kr\u00f6nende Abschluss der Grundausbildung statt.<\/p>\n\n\n\n<p>Beim Modul Abschluss Truppmann wurden die in der Grundausbildung erworbenen F\u00e4higkeiten in einem theoretischen und einem praktischen Teil durch die Lehrbeauftragten des Bezirks Tulln \u00fcberpr\u00fcft.<\/p>\n\n\n\n<p>Die acht Pr\u00fcfungsaspiranten unseres Unterabschnitts:<\/p>\n\n\n\n<p>Patrick N\u00f6thel und Marvin Kirchhofer (FF Neustift im Felde), Jacob Sch\u00f6rgmayer (FF Winkl), Iris Ruiss, Anton und Bernd Sattler (FF Altenw\u00f6rth), Isabella Renner und Julian Grill (FF Kollersdorf-Sachsendorf) meisterten diese mit Bravour.<\/p>\n\n\n\n<p>Wir gratulieren herzlich!<\/p>\n\n\n<div class=\"flexslider ewic-slider-lite is_on_\" id=\"ewic-con-222669f4cca383d4e\"><style>#ewic-con-222669f4cca383d4e .flex-direction-nav .flex-next, #ewic-con-222669f4cca383d4e .flex-direction-nav .flex-prev {opacity: 1;} #ewic-con-222669f4cca383d4e .flex-direction-nav .flex-next {right: 10px !important; text-align: right !important;} #ewic-con-222669f4cca383d4e .flex-direction-nav .flex-prev {left: 10px !important;}<\/style><div id=\"preloader-222669f4cca383d4e\" class=\"sliderpreloader\"><\/div><ul style=\"display:none;\" class=\"slides flexslider-222669f4cca383d4e\"><li class=\"ewic-slider\"><a href=\"https:\/\/www.ffneustift.at\/wp-content\/uploads\/2024\/04\/1.jpeg\"  rel=\"ewicprettyPhoto[222669f4cca383d4e]\"><img decoding=\"async\"  class=\"ewic-wid-imgs\" src=\"https:\/\/www.ffneustift.at\/wp-content\/uploads\/2024\/04\/1.jpeg\" \/><p class=\"flex-caption\"><\/p><\/a><\/li><\/ul><script type=\"text\/javascript\">\r\n\tjQuery(document).ready(function($) {\r\n\r\n\t\t$(\"#preloader-222669f4cca383d4e\").fadeOut(500, function () {\r\n\r\n\t\t\t$(\"#ewic-con-222669f4cca383d4e\").addClass(\"ready_to_show\");\r\n\r\n\t\t\t$(\"a[rel^='ewicprettyPhoto[222669f4cca383d4e]']\").ewcPhoto({\r\n\t\t\t\ttheme: \"ewc_default\",\r\n\t\t\t\tallow_expand: false,\r\n\t\t\t\tdeeplinking: false,\r\n\t\t\t\tslideshow:5000,\r\n\t\t\t\tautoplay_slideshow:true,\r\n\t\t\t\tsocial_tools:false\r\n\t\t\t});\r\n\r\n\t\t\t$(\".flexslider-222669f4cca383d4e\").fadeIn(300);\r\n\r\n\t\t\t$(\"#ewic-con-222669f4cca383d4e\").flexslider({\r\n\t\t\t\tanimation: \"slide\",\r\n\t\t\t\tanimationSpeed: 0,\r\n\t\t\t\tuseCSS: false,\r\n\t\t\t\teasing: \"easeInQuad\",\r\n\t\t\t\tdirection: \"horizontal\",\r\n\t\t\t\tslideshow: true,\r\n\t\t\t\tsmoothHeight: true,\r\n\t\t\t\tpauseOnHover: true,\r\n\t\t\t\tcontrolNav: false,\r\n\t\t\t\tprevText: \"\",\r\n\t\t\t\tnextText: \"\",\r\n\t\t\t\trtl: false,\r\n\t\t\t\tslideshowSpeed: 5000,\r\n\t\t\t\tstart: function(slider){\r\n\t\t\t\t\t$(\"#ewic-con-222669f4cca383d4e\").find(\".flex-caption\").hide();\r\n\t\t\t\t\tvar curSlide = slider.find(\"li.flex-active-slide\");\r\n\t\t\t\t\t$(curSlide).find(\".flex-caption\").slideDown();\r\n\t\t\t\t},\r\n\t\t\t\tbefore: function(slider) {\r\n\t\t\t\t\t$(\"#ewic-con-222669f4cca383d4e\").find(\".flex-caption\").slideUp();\r\n\t\t\t\t},\r\n\t\t\t\tafter: function(slider) {\r\n\t\t\t\t\tvar curSlide = slider.find(\"li.flex-active-slide\");\r\n\t\t\t\t\t$(curSlide).find(\".flex-caption\").slideDown();\r\n\t\t\t\t}\r\n\r\n\t\t\t});\r\n\r\n\t\t});\r\n\r\n\t});\r\n<\/script><\/div>\r\n\n","protected":false},"excerpt":{"rendered":"<p>Am Freitag fand der kr\u00f6nende Abschluss der Grundausbildung statt. Beim Modul Abschluss Truppmann wurden die in der Grundausbildung erworbenen F\u00e4higkeiten in einem theoretischen und einem praktischen Teil durch die Lehrbeauftragten des Bezirks Tulln \u00fcberpr\u00fcft. Die acht Pr\u00fcfungsaspiranten unseres Unterabschnitts: Patrick N\u00f6thel und Marvin Kirchhofer (FF Neustift im Felde), Jacob Sch\u00f6rgmayer (FF Winkl), Iris Ruiss, Anton [&hellip;]<\/p>\n","protected":false},"author":1,"featured_media":0,"comment_status":"closed","ping_status":"open","sticky":false,"template":"","format":"standard","meta":{"jetpack_post_was_ever_published":false,"_jetpack_newsletter_access":"","_jetpack_dont_email_post_to_subs":false,"_jetpack_newsletter_tier_id":0,"_jetpack_memberships_contains_paywalled_content":false,"_jetpack_memberships_contains_paid_content":false,"footnotes":"","jetpack_publicize_message":"","jetpack_publicize_feature_enabled":true,"jetpack_social_post_already_shared":true,"jetpack_social_options":{"image_generator_settings":{"template":"highway","default_image_id":0,"font":"","enabled":false},"version":2}},"categories":[1],"tags":[],"class_list":["post-2228","post","type-post","status-publish","format-standard","hentry","category-allgemein"],"jetpack_publicize_connections":[],"jetpack_featured_media_url":"","jetpack_sharing_enabled":true,"jetpack_shortlink":"https:\/\/wp.me\/p9x3fP-zW","_links":{"self":[{"href":"https:\/\/www.ffneustift.at\/index.php?rest_route=\/wp\/v2\/posts\/2228","targetHints":{"allow":["GET"]}}],"collection":[{"href":"https:\/\/www.ffneustift.at\/index.php?rest_route=\/wp\/v2\/posts"}],"about":[{"href":"https:\/\/www.ffneustift.at\/index.php?rest_route=\/wp\/v2\/types\/post"}],"author":[{"embeddable":true,"href":"https:\/\/www.ffneustift.at\/index.php?rest_route=\/wp\/v2\/users\/1"}],"replies":[{"embeddable":true,"href":"https:\/\/www.ffneustift.at\/index.php?rest_route=%2Fwp%2Fv2%2Fcomments&post=2228"}],"version-history":[{"count":3,"href":"https:\/\/www.ffneustift.at\/index.php?rest_route=\/wp\/v2\/posts\/2228\/revisions"}],"predecessor-version":[{"id":2231,"href":"https:\/\/www.ffneustift.at\/index.php?rest_route=\/wp\/v2\/posts\/2228\/revisions\/2231"}],"wp:attachment":[{"href":"https:\/\/www.ffneustift.at\/index.php?rest_route=%2Fwp%2Fv2%2Fmedia&parent=2228"}],"wp:term":[{"taxonomy":"category","embeddable":true,"href":"https:\/\/www.ffneustift.at\/index.php?rest_route=%2Fwp%2Fv2%2Fcategories&post=2228"},{"taxonomy":"post_tag","embeddable":true,"href":"https:\/\/www.ffneustift.at\/index.php?rest_route=%2Fwp%2Fv2%2Ftags&post=2228"}],"curies":[{"name":"wp","href":"https:\/\/api.w.org\/{rel}","templated":true}]}}