{"id":2204,"date":"2024-03-21T17:20:58","date_gmt":"2024-03-21T16:20:58","guid":{"rendered":"https:\/\/www.ffneustift.at\/?p=2204"},"modified":"2024-03-21T17:24:48","modified_gmt":"2024-03-21T16:24:48","slug":"tag-vier-der-grundausbildung","status":"publish","type":"post","link":"https:\/\/www.ffneustift.at\/?p=2204","title":{"rendered":"Tag Vier der Grundausbildung"},"content":{"rendered":"\n<p>Diesmal standen f\u00fcr die Teilnehmer von den Feuerwehren Altenw\u00f6rth, Kollersdorf, Neustift und Winkl das Exerzieren, Leinen und Knoten auf dem Programm.&nbsp;<\/p>\n\n\n\n<p>Der erste Teil der Grundausbildung befasste sich mit den g\u00e4ngigsten Knoten im Feuerwehrdienst und fand im Feuerwehrhaus statt. Dazu wurden von den Ausbildern aus Altenw\u00f6rth und Neustift die jeweiligen Knoten vorgezeigt, ihre Verwendung erkl\u00e4rt und anschlie\u00dfend von den Teilnehmern selbst ge\u00fcbt.<\/p>\n\n\n\n<p>Im zweiten Teil wurde hinter dem Feuerwehrhaus (Blumengasse) exerziert und den Kameraden die Grundbegriffe des Verhaltens in der Einheit beigebracht.<\/p>\n\n\n\n<p>Zum Abschluss gab es noch eine Fragenrunde, in welcher das theoretische Wissen der Teilnehmer gepr\u00fcft wurde.<\/p>\n\n\n<div class=\"flexslider ewic-slider-lite is_on_\" id=\"ewic-con-220769f4cca1d7f28\"><style>#ewic-con-220769f4cca1d7f28 .flex-direction-nav .flex-next, #ewic-con-220769f4cca1d7f28 .flex-direction-nav .flex-prev {opacity: 1;} #ewic-con-220769f4cca1d7f28 .flex-direction-nav .flex-next {right: 10px !important; text-align: right !important;} #ewic-con-220769f4cca1d7f28 .flex-direction-nav .flex-prev {left: 10px !important;}<\/style><div id=\"preloader-220769f4cca1d7f28\" class=\"sliderpreloader\"><\/div><ul style=\"display:none;\" class=\"slides flexslider-220769f4cca1d7f28\"><li class=\"ewic-slider\"><a href=\"https:\/\/www.ffneustift.at\/wp-content\/uploads\/2024\/03\/WhatsApp-Image-2024-03-18-at-10.29.08.jpeg\"  rel=\"ewicprettyPhoto[220769f4cca1d7f28]\"><img decoding=\"async\"  class=\"ewic-wid-imgs\" src=\"https:\/\/www.ffneustift.at\/wp-content\/uploads\/2024\/03\/WhatsApp-Image-2024-03-18-at-10.29.08.jpeg\" \/><p class=\"flex-caption\"><\/p><\/a><\/li><\/ul><script type=\"text\/javascript\">\r\n\tjQuery(document).ready(function($) {\r\n\r\n\t\t$(\"#preloader-220769f4cca1d7f28\").fadeOut(500, function () {\r\n\r\n\t\t\t$(\"#ewic-con-220769f4cca1d7f28\").addClass(\"ready_to_show\");\r\n\r\n\t\t\t$(\"a[rel^='ewicprettyPhoto[220769f4cca1d7f28]']\").ewcPhoto({\r\n\t\t\t\ttheme: \"ewc_default\",\r\n\t\t\t\tallow_expand: false,\r\n\t\t\t\tdeeplinking: false,\r\n\t\t\t\tslideshow:5000,\r\n\t\t\t\tautoplay_slideshow:true,\r\n\t\t\t\tsocial_tools:false\r\n\t\t\t});\r\n\r\n\t\t\t$(\".flexslider-220769f4cca1d7f28\").fadeIn(300);\r\n\r\n\t\t\t$(\"#ewic-con-220769f4cca1d7f28\").flexslider({\r\n\t\t\t\tanimation: \"slide\",\r\n\t\t\t\tanimationSpeed: 0,\r\n\t\t\t\tuseCSS: false,\r\n\t\t\t\teasing: \"easeInQuad\",\r\n\t\t\t\tdirection: \"horizontal\",\r\n\t\t\t\tslideshow: true,\r\n\t\t\t\tsmoothHeight: true,\r\n\t\t\t\tpauseOnHover: true,\r\n\t\t\t\tcontrolNav: false,\r\n\t\t\t\tprevText: \"\",\r\n\t\t\t\tnextText: \"\",\r\n\t\t\t\trtl: false,\r\n\t\t\t\tslideshowSpeed: 5000,\r\n\t\t\t\tstart: function(slider){\r\n\t\t\t\t\t$(\"#ewic-con-220769f4cca1d7f28\").find(\".flex-caption\").hide();\r\n\t\t\t\t\tvar curSlide = slider.find(\"li.flex-active-slide\");\r\n\t\t\t\t\t$(curSlide).find(\".flex-caption\").slideDown();\r\n\t\t\t\t},\r\n\t\t\t\tbefore: function(slider) {\r\n\t\t\t\t\t$(\"#ewic-con-220769f4cca1d7f28\").find(\".flex-caption\").slideUp();\r\n\t\t\t\t},\r\n\t\t\t\tafter: function(slider) {\r\n\t\t\t\t\tvar curSlide = slider.find(\"li.flex-active-slide\");\r\n\t\t\t\t\t$(curSlide).find(\".flex-caption\").slideDown();\r\n\t\t\t\t}\r\n\r\n\t\t\t});\r\n\r\n\t\t});\r\n\r\n\t});\r\n<\/script><\/div>\r\n\n","protected":false},"excerpt":{"rendered":"<p>Diesmal standen f\u00fcr die Teilnehmer von den Feuerwehren Altenw\u00f6rth, Kollersdorf, Neustift und Winkl das Exerzieren, Leinen und Knoten auf dem Programm.&nbsp; Der erste Teil der Grundausbildung befasste sich mit den g\u00e4ngigsten Knoten im Feuerwehrdienst und fand im Feuerwehrhaus statt. Dazu wurden von den Ausbildern aus Altenw\u00f6rth und Neustift die jeweiligen Knoten vorgezeigt, ihre Verwendung erkl\u00e4rt [&hellip;]<\/p>\n","protected":false},"author":1,"featured_media":0,"comment_status":"closed","ping_status":"open","sticky":false,"template":"","format":"standard","meta":{"jetpack_post_was_ever_published":false,"_jetpack_newsletter_access":"","_jetpack_dont_email_post_to_subs":false,"_jetpack_newsletter_tier_id":0,"_jetpack_memberships_contains_paywalled_content":false,"_jetpack_memberships_contains_paid_content":false,"footnotes":"","jetpack_publicize_message":"","jetpack_publicize_feature_enabled":true,"jetpack_social_post_already_shared":true,"jetpack_social_options":{"image_generator_settings":{"template":"highway","default_image_id":0,"font":"","enabled":false},"version":2}},"categories":[1],"tags":[],"class_list":["post-2204","post","type-post","status-publish","format-standard","hentry","category-allgemein"],"jetpack_publicize_connections":[],"jetpack_featured_media_url":"","jetpack_sharing_enabled":true,"jetpack_shortlink":"https:\/\/wp.me\/p9x3fP-zy","_links":{"self":[{"href":"https:\/\/www.ffneustift.at\/index.php?rest_route=\/wp\/v2\/posts\/2204","targetHints":{"allow":["GET"]}}],"collection":[{"href":"https:\/\/www.ffneustift.at\/index.php?rest_route=\/wp\/v2\/posts"}],"about":[{"href":"https:\/\/www.ffneustift.at\/index.php?rest_route=\/wp\/v2\/types\/post"}],"author":[{"embeddable":true,"href":"https:\/\/www.ffneustift.at\/index.php?rest_route=\/wp\/v2\/users\/1"}],"replies":[{"embeddable":true,"href":"https:\/\/www.ffneustift.at\/index.php?rest_route=%2Fwp%2Fv2%2Fcomments&post=2204"}],"version-history":[{"count":3,"href":"https:\/\/www.ffneustift.at\/index.php?rest_route=\/wp\/v2\/posts\/2204\/revisions"}],"predecessor-version":[{"id":2209,"href":"https:\/\/www.ffneustift.at\/index.php?rest_route=\/wp\/v2\/posts\/2204\/revisions\/2209"}],"wp:attachment":[{"href":"https:\/\/www.ffneustift.at\/index.php?rest_route=%2Fwp%2Fv2%2Fmedia&parent=2204"}],"wp:term":[{"taxonomy":"category","embeddable":true,"href":"https:\/\/www.ffneustift.at\/index.php?rest_route=%2Fwp%2Fv2%2Fcategories&post=2204"},{"taxonomy":"post_tag","embeddable":true,"href":"https:\/\/www.ffneustift.at\/index.php?rest_route=%2Fwp%2Fv2%2Ftags&post=2204"}],"curies":[{"name":"wp","href":"https:\/\/api.w.org\/{rel}","templated":true}]}}