{"id":2184,"date":"2024-03-05T17:23:39","date_gmt":"2024-03-05T16:23:39","guid":{"rendered":"https:\/\/www.ffneustift.at\/?p=2184"},"modified":"2024-03-05T17:34:32","modified_gmt":"2024-03-05T16:34:32","slug":"tag-2-der-basisausbildung-im-unterabschnitt","status":"publish","type":"post","link":"https:\/\/www.ffneustift.at\/?p=2184","title":{"rendered":"Tag 2 der Basisausbildung im Unterabschnitt"},"content":{"rendered":"\n<p>Am zweiten Tag der Basisausbildung wurden die Ger\u00e4te der L\u00f6schleitung erlernt und der Aufbau einer Saugleitung trainiert.<br><br>Hierzu wurde schon vor Beginn der Basisausbildung von der gastgebenden Feuerwehr Winkl eine komplette L\u00f6schleitung aufgebaut. Die Teilnehmer wurden zuerst in den einzelnen Ger\u00e4ten unterwiesen und mussten im zweiten Teil diese Themenblocks erkl\u00e4ren. Anschlie\u00dfend wurde der Umgang mit den Strahlrohren ge\u00fcbt.<br><br>Im zweiten Teil des Ausbildungstages wurde in einer sogenannten Drillausbildung der Aufbau der Saugleitung mehrmals geschult.<\/p>\n\n\n<div class=\"flexslider ewic-slider-lite is_on_\" id=\"ewic-con-216869f4cca3343f9\"><style>#ewic-con-216869f4cca3343f9 .flex-direction-nav .flex-next, #ewic-con-216869f4cca3343f9 .flex-direction-nav .flex-prev {opacity: 1;} #ewic-con-216869f4cca3343f9 .flex-direction-nav .flex-next {right: 10px !important; text-align: right !important;} #ewic-con-216869f4cca3343f9 .flex-direction-nav .flex-prev {left: 10px !important;}<\/style><div id=\"preloader-216869f4cca3343f9\" class=\"sliderpreloader\"><\/div><ul style=\"display:none;\" class=\"slides flexslider-216869f4cca3343f9\"><li class=\"ewic-slider\"><a href=\"https:\/\/www.ffneustift.at\/wp-content\/uploads\/2024\/03\/1-1.jpeg\"  rel=\"ewicprettyPhoto[216869f4cca3343f9]\"><img decoding=\"async\"  class=\"ewic-wid-imgs\" src=\"https:\/\/www.ffneustift.at\/wp-content\/uploads\/2024\/03\/1-1.jpeg\" \/><p class=\"flex-caption\"><\/p><\/a><\/li><li class=\"ewic-slider\"><a href=\"https:\/\/www.ffneustift.at\/wp-content\/uploads\/2024\/03\/2-1.jpeg\"  rel=\"ewicprettyPhoto[216869f4cca3343f9]\"><img decoding=\"async\"  class=\"ewic-wid-imgs\" src=\"https:\/\/www.ffneustift.at\/wp-content\/uploads\/2024\/03\/2-1.jpeg\" \/><p class=\"flex-caption\"><\/p><\/a><\/li><li class=\"ewic-slider\"><a href=\"https:\/\/www.ffneustift.at\/wp-content\/uploads\/2024\/03\/3-1.jpeg\"  rel=\"ewicprettyPhoto[216869f4cca3343f9]\"><img decoding=\"async\"  class=\"ewic-wid-imgs\" src=\"https:\/\/www.ffneustift.at\/wp-content\/uploads\/2024\/03\/3-1.jpeg\" \/><p class=\"flex-caption\"><\/p><\/a><\/li><li class=\"ewic-slider\"><a href=\"https:\/\/www.ffneustift.at\/wp-content\/uploads\/2024\/03\/4-1.jpeg\"  rel=\"ewicprettyPhoto[216869f4cca3343f9]\"><img decoding=\"async\"  class=\"ewic-wid-imgs\" src=\"https:\/\/www.ffneustift.at\/wp-content\/uploads\/2024\/03\/4-1.jpeg\" \/><p class=\"flex-caption\"><\/p><\/a><\/li><li class=\"ewic-slider\"><a href=\"https:\/\/www.ffneustift.at\/wp-content\/uploads\/2024\/03\/5.jpeg\"  rel=\"ewicprettyPhoto[216869f4cca3343f9]\"><img decoding=\"async\"  class=\"ewic-wid-imgs\" src=\"https:\/\/www.ffneustift.at\/wp-content\/uploads\/2024\/03\/5.jpeg\" \/><p class=\"flex-caption\"><\/p><\/a><\/li><\/ul><script type=\"text\/javascript\">\r\n\tjQuery(document).ready(function($) {\r\n\r\n\t\t$(\"#preloader-216869f4cca3343f9\").fadeOut(500, function () {\r\n\r\n\t\t\t$(\"#ewic-con-216869f4cca3343f9\").addClass(\"ready_to_show\");\r\n\r\n\t\t\t$(\"a[rel^='ewicprettyPhoto[216869f4cca3343f9]']\").ewcPhoto({\r\n\t\t\t\ttheme: \"ewc_default\",\r\n\t\t\t\tallow_expand: false,\r\n\t\t\t\tdeeplinking: false,\r\n\t\t\t\tslideshow:5000,\r\n\t\t\t\tautoplay_slideshow:true,\r\n\t\t\t\tsocial_tools:false\r\n\t\t\t});\r\n\r\n\t\t\t$(\".flexslider-216869f4cca3343f9\").fadeIn(300);\r\n\r\n\t\t\t$(\"#ewic-con-216869f4cca3343f9\").flexslider({\r\n\t\t\t\tanimation: \"slide\",\r\n\t\t\t\tanimationSpeed: 0,\r\n\t\t\t\tuseCSS: false,\r\n\t\t\t\teasing: \"easeInQuad\",\r\n\t\t\t\tdirection: \"horizontal\",\r\n\t\t\t\tslideshow: true,\r\n\t\t\t\tsmoothHeight: true,\r\n\t\t\t\tpauseOnHover: true,\r\n\t\t\t\tcontrolNav: false,\r\n\t\t\t\tprevText: \"\",\r\n\t\t\t\tnextText: \"\",\r\n\t\t\t\trtl: false,\r\n\t\t\t\tslideshowSpeed: 5000,\r\n\t\t\t\tstart: function(slider){\r\n\t\t\t\t\t$(\"#ewic-con-216869f4cca3343f9\").find(\".flex-caption\").hide();\r\n\t\t\t\t\tvar curSlide = slider.find(\"li.flex-active-slide\");\r\n\t\t\t\t\t$(curSlide).find(\".flex-caption\").slideDown();\r\n\t\t\t\t},\r\n\t\t\t\tbefore: function(slider) {\r\n\t\t\t\t\t$(\"#ewic-con-216869f4cca3343f9\").find(\".flex-caption\").slideUp();\r\n\t\t\t\t},\r\n\t\t\t\tafter: function(slider) {\r\n\t\t\t\t\tvar curSlide = slider.find(\"li.flex-active-slide\");\r\n\t\t\t\t\t$(curSlide).find(\".flex-caption\").slideDown();\r\n\t\t\t\t}\r\n\r\n\t\t\t});\r\n\r\n\t\t});\r\n\r\n\t});\r\n<\/script><\/div>\r\n\n","protected":false},"excerpt":{"rendered":"<p>Am zweiten Tag der Basisausbildung wurden die Ger\u00e4te der L\u00f6schleitung erlernt und der Aufbau einer Saugleitung trainiert. Hierzu wurde schon vor Beginn der Basisausbildung von der gastgebenden Feuerwehr Winkl eine komplette L\u00f6schleitung aufgebaut. Die Teilnehmer wurden zuerst in den einzelnen Ger\u00e4ten unterwiesen und mussten im zweiten Teil diese Themenblocks erkl\u00e4ren. Anschlie\u00dfend wurde der Umgang mit [&hellip;]<\/p>\n","protected":false},"author":1,"featured_media":0,"comment_status":"closed","ping_status":"open","sticky":false,"template":"","format":"standard","meta":{"jetpack_post_was_ever_published":false,"_jetpack_newsletter_access":"","_jetpack_dont_email_post_to_subs":false,"_jetpack_newsletter_tier_id":0,"_jetpack_memberships_contains_paywalled_content":false,"_jetpack_memberships_contains_paid_content":false,"footnotes":"","jetpack_publicize_message":"","jetpack_publicize_feature_enabled":true,"jetpack_social_post_already_shared":true,"jetpack_social_options":{"image_generator_settings":{"template":"highway","default_image_id":0,"font":"","enabled":false},"version":2}},"categories":[1],"tags":[],"class_list":["post-2184","post","type-post","status-publish","format-standard","hentry","category-allgemein"],"jetpack_publicize_connections":[],"jetpack_featured_media_url":"","jetpack_sharing_enabled":true,"jetpack_shortlink":"https:\/\/wp.me\/p9x3fP-ze","_links":{"self":[{"href":"https:\/\/www.ffneustift.at\/index.php?rest_route=\/wp\/v2\/posts\/2184","targetHints":{"allow":["GET"]}}],"collection":[{"href":"https:\/\/www.ffneustift.at\/index.php?rest_route=\/wp\/v2\/posts"}],"about":[{"href":"https:\/\/www.ffneustift.at\/index.php?rest_route=\/wp\/v2\/types\/post"}],"author":[{"embeddable":true,"href":"https:\/\/www.ffneustift.at\/index.php?rest_route=\/wp\/v2\/users\/1"}],"replies":[{"embeddable":true,"href":"https:\/\/www.ffneustift.at\/index.php?rest_route=%2Fwp%2Fv2%2Fcomments&post=2184"}],"version-history":[{"count":4,"href":"https:\/\/www.ffneustift.at\/index.php?rest_route=\/wp\/v2\/posts\/2184\/revisions"}],"predecessor-version":[{"id":2188,"href":"https:\/\/www.ffneustift.at\/index.php?rest_route=\/wp\/v2\/posts\/2184\/revisions\/2188"}],"wp:attachment":[{"href":"https:\/\/www.ffneustift.at\/index.php?rest_route=%2Fwp%2Fv2%2Fmedia&parent=2184"}],"wp:term":[{"taxonomy":"category","embeddable":true,"href":"https:\/\/www.ffneustift.at\/index.php?rest_route=%2Fwp%2Fv2%2Fcategories&post=2184"},{"taxonomy":"post_tag","embeddable":true,"href":"https:\/\/www.ffneustift.at\/index.php?rest_route=%2Fwp%2Fv2%2Ftags&post=2184"}],"curies":[{"name":"wp","href":"https:\/\/api.w.org\/{rel}","templated":true}]}}