{"id":2158,"date":"2024-01-28T10:29:37","date_gmt":"2024-01-28T09:29:37","guid":{"rendered":"https:\/\/www.ffneustift.at\/?p=2158"},"modified":"2024-01-28T10:38:18","modified_gmt":"2024-01-28T09:38:18","slug":"mitgliederversammlung-2024","status":"publish","type":"post","link":"https:\/\/www.ffneustift.at\/?p=2158","title":{"rendered":"Mitgliederversammlung 2024"},"content":{"rendered":"\n<p>Die Mitgliederversammlung der Freiwilligen Feuerwehr Neustift im Felde fand am Freitag, den 26. J\u00e4nner 2024 im Gasthaus Seidl in Unterstockstall statt.<\/p>\n\n\n\n<p>Unter den 29. anwesenden G\u00e4sten befanden sich auch B\u00fcrgermeister Franz Aigner, Ortsvorsteher Norbert Markl, Abschnittsfeuerwehrkommandant Ernst Mantler, Abschnittsfeuerwehrkommandantstellvertreter Friedrich Stalla und Unterabschnittskommandant Leopold Nendwich.<\/p>\n\n\n\n<p>Nach Abarbeitung der Tagesordnung (Anwesenheitsfestellung, Gedenkminute, Protokollverlesung, Kassabericht, Kassapr\u00fcferbericht) wurde in den T\u00e4tigkeitsberichten des Kommandanten und der Chargen und Sachbearbeiter auf ein arbeitsreiches und ausbildungsintensives Jahr 2023 zur\u00fcckgeblickt.<\/p>\n\n\n\n<p>Bei 9 Eins\u00e4tzen, 43 \u00dcbungen und 458 T\u00e4tigkeiten in Ausbildung, Arbeiten rund um das Feuerwehrhaus, Ausr\u00fcckungen und Bewerbswesen wurden 7974 Stunden von den Kameraden geleistet.<\/p>\n\n\n\n<p>Von den Kameraden wurden am Landesfeuerwehrleistungsbewerb&nbsp; 13 Leistungsabzeichen erworben. Die Sanierung des Feuerwehrhauses wurde abgeschlossen. Zahlreiche Kurse im Feuerwehr- und Sicherheitszentrum und auf Bezirks- und Abschnittsebene wurden besucht.<\/p>\n\n\n\n<p>Ein Auszug der Ausbildung: Nina Kirchhofer, Sophie Kolm, Eduard Nicolaescu und Philipp Zimmermann absolvierten die Grundausbildung und das Modul Arbeiten in der Einsatzleitung. Norbert Markl jun. besuchte den Verwalterlehrgang. Der Atemschutzlehrgang wurde von Jan Wagner und Raphael B\u00f6ck besucht. Hoffmann Lukas machte die Ausbildung zum Sachbearbeiter Nachrichtendienst. Das Modul Grundlagen-F\u00fchren wurde von Zimmermann Clemens, Weeber Philip, Raphael B\u00f6ck und Kolm Michael absolviert. Den 5,5 Tonnen Feuerwehrf\u00fchrerschein erhielten Patrick N\u00f6thel, Eduard Nicolaescu und Matthias B\u00f6ck, der auch die Module Ausbildungsgrunds\u00e4tze (AU11) und Gestalten von Einsatz\u00fcbungen (AU12) absolviert.<\/p>\n\n\n\n<p>Es wurden auch wieder zwei neue Mitglieder angelobt. Marvin Kirchhofer und Patrick N\u00f6thel&nbsp; erkl\u00e4rten sich bereit unserer Feuerwehr beizutreten. Herzlich willkommen in unserer FF.<\/p>\n\n\n\n<p>Im Ausblick f\u00fcr das Jahr 2024 finden sich wieder zahlreiche Ausbildungseinheiten auf Bezirks und Landesebene. Sieben Kameraden haben sich bereiterkl\u00e4rt, das N\u00d6 Feuerwehrfunkleistungsabzeichen in Gold zu erwerben und befinden sich bereits in der Ausbildung auf Abschnittsebene. Ebenso sind der Bau der Lagerhalle und das traditionelle Feuerwehrfest Teil des Jahresplans. Am Jahresende werden wir uns auch wieder der Ausbildungspr\u00fcfung L\u00f6scheinsatz stellen.<\/p>\n\n\n\n<p>Der Kommandant bedankte sich bei der Gemeinde, in Person von B\u00fcrgermeister Franz Aigner, f\u00fcr die verl\u00e4ssliche Unterst\u00fctzung der Feuerwehr und bei der Jagdgesellschaft und den Privatspendern.<\/p>\n\n\n\n<p>Es folgten die Ansprachen der Ehreng\u00e4ste:<\/p>\n\n\n\n<p>B\u00fcrgermeister Franz Aigner berichtete \u00fcber den geplanten Bau der Lagerhalle f\u00fcr die Ger\u00e4tschaften der Gemeinde und das angeschlossene Lager f\u00fcr die Feuerwehr und dankte den Kameraden f\u00fcr die vielen, ehrenamtlich geleisteten Stunden der Kameraden.<\/p>\n\n\n\n<p>Ortsvorsteher Norbert Markl lobte den hohen Anteil an jungen Mitgliedern und ihr gro\u00dfes Engagement in allen Feuerwehrbereichen.<\/p>\n\n\n\n<p>Abschnittsfeuerwehrkommandant Ernst Mantler erw\u00e4hnte die ge\u00e4nderten Abl\u00e4ufe im Bereich der Ausbildung im Nachrichtendienst und die neu organisierte Onlineausbildung. Er dankte auch f\u00fcr die vorbildlich funktionierende Zusammenarbeit.<\/p>\n\n\n\n<p>Um 20 Uhr wurde die Mitgliederversammlung vom Kommandanten mit einem Gut Wehr geschlossen.<\/p>\n\n\n<div class=\"flexslider ewic-slider-lite is_on_\" id=\"ewic-con-215569f4e016202b4\"><style>#ewic-con-215569f4e016202b4 .flex-direction-nav .flex-next, #ewic-con-215569f4e016202b4 .flex-direction-nav .flex-prev {opacity: 1;} #ewic-con-215569f4e016202b4 .flex-direction-nav .flex-next {right: 10px !important; text-align: right !important;} #ewic-con-215569f4e016202b4 .flex-direction-nav .flex-prev {left: 10px !important;}<\/style><div id=\"preloader-215569f4e016202b4\" class=\"sliderpreloader\"><\/div><ul style=\"display:none;\" class=\"slides flexslider-215569f4e016202b4\"><li class=\"ewic-slider\"><a href=\"https:\/\/www.ffneustift.at\/wp-content\/uploads\/2024\/01\/IMG_3352-scaled.jpg\"  rel=\"ewicprettyPhoto[215569f4e016202b4]\"><img decoding=\"async\"  class=\"ewic-wid-imgs\" src=\"https:\/\/www.ffneustift.at\/wp-content\/uploads\/2024\/01\/IMG_3352-scaled.jpg\" \/><p class=\"flex-caption\"><\/p><\/a><\/li><li class=\"ewic-slider\"><a href=\"https:\/\/www.ffneustift.at\/wp-content\/uploads\/2024\/01\/IMG_3348-scaled.jpg\"  rel=\"ewicprettyPhoto[215569f4e016202b4]\"><img decoding=\"async\"  class=\"ewic-wid-imgs\" src=\"https:\/\/www.ffneustift.at\/wp-content\/uploads\/2024\/01\/IMG_3348-scaled.jpg\" \/><p class=\"flex-caption\"><\/p><\/a><\/li><\/ul><script type=\"text\/javascript\">\r\n\tjQuery(document).ready(function($) {\r\n\r\n\t\t$(\"#preloader-215569f4e016202b4\").fadeOut(500, function () {\r\n\r\n\t\t\t$(\"#ewic-con-215569f4e016202b4\").addClass(\"ready_to_show\");\r\n\r\n\t\t\t$(\"a[rel^='ewicprettyPhoto[215569f4e016202b4]']\").ewcPhoto({\r\n\t\t\t\ttheme: \"ewc_default\",\r\n\t\t\t\tallow_expand: false,\r\n\t\t\t\tdeeplinking: false,\r\n\t\t\t\tslideshow:5000,\r\n\t\t\t\tautoplay_slideshow:true,\r\n\t\t\t\tsocial_tools:false\r\n\t\t\t});\r\n\r\n\t\t\t$(\".flexslider-215569f4e016202b4\").fadeIn(300);\r\n\r\n\t\t\t$(\"#ewic-con-215569f4e016202b4\").flexslider({\r\n\t\t\t\tanimation: \"slide\",\r\n\t\t\t\tanimationSpeed: 0,\r\n\t\t\t\tuseCSS: false,\r\n\t\t\t\teasing: \"easeInQuad\",\r\n\t\t\t\tdirection: \"horizontal\",\r\n\t\t\t\tslideshow: true,\r\n\t\t\t\tsmoothHeight: true,\r\n\t\t\t\tpauseOnHover: true,\r\n\t\t\t\tcontrolNav: false,\r\n\t\t\t\tprevText: \"\",\r\n\t\t\t\tnextText: \"\",\r\n\t\t\t\trtl: false,\r\n\t\t\t\tslideshowSpeed: 5000,\r\n\t\t\t\tstart: function(slider){\r\n\t\t\t\t\t$(\"#ewic-con-215569f4e016202b4\").find(\".flex-caption\").hide();\r\n\t\t\t\t\tvar curSlide = slider.find(\"li.flex-active-slide\");\r\n\t\t\t\t\t$(curSlide).find(\".flex-caption\").slideDown();\r\n\t\t\t\t},\r\n\t\t\t\tbefore: function(slider) {\r\n\t\t\t\t\t$(\"#ewic-con-215569f4e016202b4\").find(\".flex-caption\").slideUp();\r\n\t\t\t\t},\r\n\t\t\t\tafter: function(slider) {\r\n\t\t\t\t\tvar curSlide = slider.find(\"li.flex-active-slide\");\r\n\t\t\t\t\t$(curSlide).find(\".flex-caption\").slideDown();\r\n\t\t\t\t}\r\n\r\n\t\t\t});\r\n\r\n\t\t});\r\n\r\n\t});\r\n<\/script><\/div>\r\n\n","protected":false},"excerpt":{"rendered":"<p>Die Mitgliederversammlung der Freiwilligen Feuerwehr Neustift im Felde fand am Freitag, den 26. J\u00e4nner 2024 im Gasthaus Seidl in Unterstockstall statt. Unter den 29. anwesenden G\u00e4sten befanden sich auch B\u00fcrgermeister Franz Aigner, Ortsvorsteher Norbert Markl, Abschnittsfeuerwehrkommandant Ernst Mantler, Abschnittsfeuerwehrkommandantstellvertreter Friedrich Stalla und Unterabschnittskommandant Leopold Nendwich. Nach Abarbeitung der Tagesordnung (Anwesenheitsfestellung, Gedenkminute, Protokollverlesung, Kassabericht, Kassapr\u00fcferbericht) wurde [&hellip;]<\/p>\n","protected":false},"author":1,"featured_media":0,"comment_status":"closed","ping_status":"open","sticky":false,"template":"","format":"standard","meta":{"jetpack_post_was_ever_published":false,"_jetpack_newsletter_access":"","_jetpack_dont_email_post_to_subs":false,"_jetpack_newsletter_tier_id":0,"_jetpack_memberships_contains_paywalled_content":false,"_jetpack_memberships_contains_paid_content":false,"footnotes":"","jetpack_publicize_message":"","jetpack_publicize_feature_enabled":true,"jetpack_social_post_already_shared":true,"jetpack_social_options":{"image_generator_settings":{"template":"highway","default_image_id":0,"font":"","enabled":false},"version":2}},"categories":[1],"tags":[],"class_list":["post-2158","post","type-post","status-publish","format-standard","hentry","category-allgemein"],"jetpack_publicize_connections":[],"jetpack_featured_media_url":"","jetpack_sharing_enabled":true,"jetpack_shortlink":"https:\/\/wp.me\/p9x3fP-yO","_links":{"self":[{"href":"https:\/\/www.ffneustift.at\/index.php?rest_route=\/wp\/v2\/posts\/2158","targetHints":{"allow":["GET"]}}],"collection":[{"href":"https:\/\/www.ffneustift.at\/index.php?rest_route=\/wp\/v2\/posts"}],"about":[{"href":"https:\/\/www.ffneustift.at\/index.php?rest_route=\/wp\/v2\/types\/post"}],"author":[{"embeddable":true,"href":"https:\/\/www.ffneustift.at\/index.php?rest_route=\/wp\/v2\/users\/1"}],"replies":[{"embeddable":true,"href":"https:\/\/www.ffneustift.at\/index.php?rest_route=%2Fwp%2Fv2%2Fcomments&post=2158"}],"version-history":[{"count":4,"href":"https:\/\/www.ffneustift.at\/index.php?rest_route=\/wp\/v2\/posts\/2158\/revisions"}],"predecessor-version":[{"id":2162,"href":"https:\/\/www.ffneustift.at\/index.php?rest_route=\/wp\/v2\/posts\/2158\/revisions\/2162"}],"wp:attachment":[{"href":"https:\/\/www.ffneustift.at\/index.php?rest_route=%2Fwp%2Fv2%2Fmedia&parent=2158"}],"wp:term":[{"taxonomy":"category","embeddable":true,"href":"https:\/\/www.ffneustift.at\/index.php?rest_route=%2Fwp%2Fv2%2Fcategories&post=2158"},{"taxonomy":"post_tag","embeddable":true,"href":"https:\/\/www.ffneustift.at\/index.php?rest_route=%2Fwp%2Fv2%2Ftags&post=2158"}],"curies":[{"name":"wp","href":"https:\/\/api.w.org\/{rel}","templated":true}]}}