{"id":2123,"date":"2023-10-29T08:58:57","date_gmt":"2023-10-29T07:58:57","guid":{"rendered":"https:\/\/www.ffneustift.at\/?p=2123"},"modified":"2023-10-29T08:59:50","modified_gmt":"2023-10-29T07:59:50","slug":"finnentest","status":"publish","type":"post","link":"https:\/\/www.ffneustift.at\/?p=2123","title":{"rendered":"Finnentest bei der Feuerwehr"},"content":{"rendered":"\n<p>J\u00e4hrlich stellen sich die Atemschutzger\u00e4tetr\u00e4ger der Feuerwehren einem Atemschutzleistungstest. Dabei wird ihre k\u00f6rperliche Fitness und Tauglichkeit f\u00fcr das Tragen des Ger\u00e4ts \u00fcberpr\u00fcft.<\/p>\n\n\n\n<p>Bei der FF Neustift findet dies schon traditionell in Form des Finnentests am Nationalfeiertag statt. Es m\u00fcssen hierbei f\u00fcnf Stationen unter Atemschutz in einer sportlichen Zeitvorgabe abgearbeitet werden.<\/p>\n\n\n\n<p>16 Neustifter Kameraden stellten sich dieser Herausforderung und meisterten sie.<\/p>\n\n\n\n<p>Zus\u00e4tzlich traten auch noch zahlreiche Kameraden der Feuerwehren Altenw\u00f6rth\/Gigging, Kollersdorf\/Sachsendorf und Winkl zum Finnentest an.<\/p>\n\n\n\n<p>So konnten an einem Tag ca. 40 Kameraden Ihre Atemschutztauglichkeit f\u00fcr ein weiteres Jahr unter Beweis stellen.<\/p>\n\n\n<div class=\"flexslider ewic-slider-lite is_on_\" id=\"ewic-con-211769f4e0158d21a\"><style>#ewic-con-211769f4e0158d21a .flex-direction-nav .flex-next, #ewic-con-211769f4e0158d21a .flex-direction-nav .flex-prev {opacity: 1;} #ewic-con-211769f4e0158d21a .flex-direction-nav .flex-next {right: 10px !important; text-align: right !important;} #ewic-con-211769f4e0158d21a .flex-direction-nav .flex-prev {left: 10px !important;}<\/style><div id=\"preloader-211769f4e0158d21a\" class=\"sliderpreloader\"><\/div><ul style=\"display:none;\" class=\"slides flexslider-211769f4e0158d21a\"><li class=\"ewic-slider\"><a href=\"https:\/\/www.ffneustift.at\/wp-content\/uploads\/2023\/10\/IMG_2501-scaled.jpg\"  rel=\"ewicprettyPhoto[211769f4e0158d21a]\"><img decoding=\"async\"  class=\"ewic-wid-imgs\" src=\"https:\/\/www.ffneustift.at\/wp-content\/uploads\/2023\/10\/IMG_2501-scaled.jpg\" \/><p class=\"flex-caption\"><\/p><\/a><\/li><li class=\"ewic-slider\"><a href=\"https:\/\/www.ffneustift.at\/wp-content\/uploads\/2023\/10\/IMG_2506-scaled.jpg\"  rel=\"ewicprettyPhoto[211769f4e0158d21a]\"><img decoding=\"async\"  class=\"ewic-wid-imgs\" src=\"https:\/\/www.ffneustift.at\/wp-content\/uploads\/2023\/10\/IMG_2506-scaled.jpg\" \/><p class=\"flex-caption\"><\/p><\/a><\/li><li class=\"ewic-slider\"><a href=\"https:\/\/www.ffneustift.at\/wp-content\/uploads\/2023\/10\/IMG_2514-scaled.jpg\"  rel=\"ewicprettyPhoto[211769f4e0158d21a]\"><img decoding=\"async\"  class=\"ewic-wid-imgs\" src=\"https:\/\/www.ffneustift.at\/wp-content\/uploads\/2023\/10\/IMG_2514-scaled.jpg\" \/><p class=\"flex-caption\"><\/p><\/a><\/li><li class=\"ewic-slider\"><a href=\"https:\/\/www.ffneustift.at\/wp-content\/uploads\/2023\/10\/IMG_2521-scaled.jpg\"  rel=\"ewicprettyPhoto[211769f4e0158d21a]\"><img decoding=\"async\"  class=\"ewic-wid-imgs\" src=\"https:\/\/www.ffneustift.at\/wp-content\/uploads\/2023\/10\/IMG_2521-scaled.jpg\" \/><p class=\"flex-caption\"><\/p><\/a><\/li><li class=\"ewic-slider\"><a href=\"https:\/\/www.ffneustift.at\/wp-content\/uploads\/2023\/10\/IMG_2537-scaled.jpg\"  rel=\"ewicprettyPhoto[211769f4e0158d21a]\"><img decoding=\"async\"  class=\"ewic-wid-imgs\" src=\"https:\/\/www.ffneustift.at\/wp-content\/uploads\/2023\/10\/IMG_2537-scaled.jpg\" \/><p class=\"flex-caption\"><\/p><\/a><\/li><\/ul><script type=\"text\/javascript\">\r\n\tjQuery(document).ready(function($) {\r\n\r\n\t\t$(\"#preloader-211769f4e0158d21a\").fadeOut(500, function () {\r\n\r\n\t\t\t$(\"#ewic-con-211769f4e0158d21a\").addClass(\"ready_to_show\");\r\n\r\n\t\t\t$(\"a[rel^='ewicprettyPhoto[211769f4e0158d21a]']\").ewcPhoto({\r\n\t\t\t\ttheme: \"ewc_default\",\r\n\t\t\t\tallow_expand: false,\r\n\t\t\t\tdeeplinking: false,\r\n\t\t\t\tslideshow:5000,\r\n\t\t\t\tautoplay_slideshow:true,\r\n\t\t\t\tsocial_tools:false\r\n\t\t\t});\r\n\r\n\t\t\t$(\".flexslider-211769f4e0158d21a\").fadeIn(300);\r\n\r\n\t\t\t$(\"#ewic-con-211769f4e0158d21a\").flexslider({\r\n\t\t\t\tanimation: \"slide\",\r\n\t\t\t\tanimationSpeed: 0,\r\n\t\t\t\tuseCSS: false,\r\n\t\t\t\teasing: \"easeInQuad\",\r\n\t\t\t\tdirection: \"horizontal\",\r\n\t\t\t\tslideshow: true,\r\n\t\t\t\tsmoothHeight: true,\r\n\t\t\t\tpauseOnHover: true,\r\n\t\t\t\tcontrolNav: false,\r\n\t\t\t\tprevText: \"\",\r\n\t\t\t\tnextText: \"\",\r\n\t\t\t\trtl: false,\r\n\t\t\t\tslideshowSpeed: 5000,\r\n\t\t\t\tstart: function(slider){\r\n\t\t\t\t\t$(\"#ewic-con-211769f4e0158d21a\").find(\".flex-caption\").hide();\r\n\t\t\t\t\tvar curSlide = slider.find(\"li.flex-active-slide\");\r\n\t\t\t\t\t$(curSlide).find(\".flex-caption\").slideDown();\r\n\t\t\t\t},\r\n\t\t\t\tbefore: function(slider) {\r\n\t\t\t\t\t$(\"#ewic-con-211769f4e0158d21a\").find(\".flex-caption\").slideUp();\r\n\t\t\t\t},\r\n\t\t\t\tafter: function(slider) {\r\n\t\t\t\t\tvar curSlide = slider.find(\"li.flex-active-slide\");\r\n\t\t\t\t\t$(curSlide).find(\".flex-caption\").slideDown();\r\n\t\t\t\t}\r\n\r\n\t\t\t});\r\n\r\n\t\t});\r\n\r\n\t});\r\n<\/script><\/div>\r\n\n","protected":false},"excerpt":{"rendered":"<p>J\u00e4hrlich stellen sich die Atemschutzger\u00e4tetr\u00e4ger der Feuerwehren einem Atemschutzleistungstest. Dabei wird ihre k\u00f6rperliche Fitness und Tauglichkeit f\u00fcr das Tragen des Ger\u00e4ts \u00fcberpr\u00fcft. Bei der FF Neustift findet dies schon traditionell in Form des Finnentests am Nationalfeiertag statt. Es m\u00fcssen hierbei f\u00fcnf Stationen unter Atemschutz in einer sportlichen Zeitvorgabe abgearbeitet werden. 16 Neustifter Kameraden stellten sich [&hellip;]<\/p>\n","protected":false},"author":1,"featured_media":0,"comment_status":"closed","ping_status":"open","sticky":false,"template":"","format":"standard","meta":{"jetpack_post_was_ever_published":false,"_jetpack_newsletter_access":"","_jetpack_dont_email_post_to_subs":false,"_jetpack_newsletter_tier_id":0,"_jetpack_memberships_contains_paywalled_content":false,"_jetpack_memberships_contains_paid_content":false,"footnotes":"","jetpack_publicize_message":"","jetpack_publicize_feature_enabled":true,"jetpack_social_post_already_shared":true,"jetpack_social_options":{"image_generator_settings":{"template":"highway","default_image_id":0,"font":"","enabled":false},"version":2}},"categories":[1],"tags":[],"class_list":["post-2123","post","type-post","status-publish","format-standard","hentry","category-allgemein"],"jetpack_publicize_connections":[],"jetpack_featured_media_url":"","jetpack_sharing_enabled":true,"jetpack_shortlink":"https:\/\/wp.me\/p9x3fP-yf","_links":{"self":[{"href":"https:\/\/www.ffneustift.at\/index.php?rest_route=\/wp\/v2\/posts\/2123","targetHints":{"allow":["GET"]}}],"collection":[{"href":"https:\/\/www.ffneustift.at\/index.php?rest_route=\/wp\/v2\/posts"}],"about":[{"href":"https:\/\/www.ffneustift.at\/index.php?rest_route=\/wp\/v2\/types\/post"}],"author":[{"embeddable":true,"href":"https:\/\/www.ffneustift.at\/index.php?rest_route=\/wp\/v2\/users\/1"}],"replies":[{"embeddable":true,"href":"https:\/\/www.ffneustift.at\/index.php?rest_route=%2Fwp%2Fv2%2Fcomments&post=2123"}],"version-history":[{"count":3,"href":"https:\/\/www.ffneustift.at\/index.php?rest_route=\/wp\/v2\/posts\/2123\/revisions"}],"predecessor-version":[{"id":2126,"href":"https:\/\/www.ffneustift.at\/index.php?rest_route=\/wp\/v2\/posts\/2123\/revisions\/2126"}],"wp:attachment":[{"href":"https:\/\/www.ffneustift.at\/index.php?rest_route=%2Fwp%2Fv2%2Fmedia&parent=2123"}],"wp:term":[{"taxonomy":"category","embeddable":true,"href":"https:\/\/www.ffneustift.at\/index.php?rest_route=%2Fwp%2Fv2%2Fcategories&post=2123"},{"taxonomy":"post_tag","embeddable":true,"href":"https:\/\/www.ffneustift.at\/index.php?rest_route=%2Fwp%2Fv2%2Ftags&post=2123"}],"curies":[{"name":"wp","href":"https:\/\/api.w.org\/{rel}","templated":true}]}}