{"id":2003,"date":"2023-04-23T20:41:49","date_gmt":"2023-04-23T18:41:49","guid":{"rendered":"https:\/\/www.ffneustift.at\/?p=2003"},"modified":"2023-04-23T20:42:48","modified_gmt":"2023-04-23T18:42:48","slug":"brand-eines-landwirtschaftlichen-geraets","status":"publish","type":"post","link":"https:\/\/www.ffneustift.at\/?p=2003","title":{"rendered":"Brand eines landwirtschaftlichen Ger\u00e4ts"},"content":{"rendered":"\n<p>war die Annahme der diesj\u00e4hrigen Unterabschnitts\u00fcbung, die vom Winkler Feuerwehrkommandant Thomas Riedl und seinem Team ausgearbeitet wurde.<\/p>\n\n\n\n<p>Bei Eintreffen der Feuerwehren war in der \u00dcbungsannahme bereits ein \u00dcbergreifen der Flammen auf den umliegenden Wald vorgesehen. Als erste Ma\u00dfnahme wurde von den Feuerwehren ein Schaumangriff auf das in Brand geratene Ger\u00e4t, unter Atemschutz, vorgenommen, wobei junge Kameraden aus Winkl und Neustift ihre Kenntnisse im Bereich Atemschutz festigen konnten.<\/p>\n\n\n\n<p>Anschlie\u00dfend wurde die Flurbrandbek\u00e4mpfung durch mehrere L\u00f6schleitungen und die Zuhilfenahme des Altenw\u00f6rther Wasserwerfers &nbsp;bzw. mit Tragkraftspritzen durchgef\u00fchrt. Weiters wurde auf dem angrenzenden Teich noch eine \u00d6lsperre errichtet, um die ausgelaufenen Betriebsmittel zu binden.<\/p>\n\n\n\n<p>Nach der Meldung Brand aus, gab es von den \u00dcbungsbeobachtern ein gro\u00dfes Lob f\u00fcr den gelungenen Ablauf der \u00dcbung und einen kleinen Imbiss im Winkler Feuerwehrhaus.<\/p>\n\n\n\n<p>Danke an die @FF Winkl, @FF Altenw\u00f6rth und die @FF Kollersdorf f\u00fcr die gute Zusammenarbeit.<\/p>\n\n\n<div class=\"flexslider ewic-slider-lite is_on_\" id=\"ewic-con-199469f5135c01a2e\"><style>#ewic-con-199469f5135c01a2e .flex-direction-nav .flex-next, #ewic-con-199469f5135c01a2e .flex-direction-nav .flex-prev {opacity: 1;} #ewic-con-199469f5135c01a2e .flex-direction-nav .flex-next {right: 10px !important; text-align: right !important;} #ewic-con-199469f5135c01a2e .flex-direction-nav .flex-prev {left: 10px !important;}<\/style><div id=\"preloader-199469f5135c01a2e\" class=\"sliderpreloader\"><\/div><ul style=\"display:none;\" class=\"slides flexslider-199469f5135c01a2e\"><li class=\"ewic-slider\"><a href=\"https:\/\/www.ffneustift.at\/wp-content\/uploads\/2023\/04\/UFXK8996.jpg\"  rel=\"ewicprettyPhoto[199469f5135c01a2e]\"><img decoding=\"async\"  class=\"ewic-wid-imgs\" src=\"https:\/\/www.ffneustift.at\/wp-content\/uploads\/2023\/04\/UFXK8996.jpg\" \/><p class=\"flex-caption\"><\/p><\/a><\/li><li class=\"ewic-slider\"><a href=\"https:\/\/www.ffneustift.at\/wp-content\/uploads\/2023\/04\/FEDQ6653.jpg\"  rel=\"ewicprettyPhoto[199469f5135c01a2e]\"><img decoding=\"async\"  class=\"ewic-wid-imgs\" src=\"https:\/\/www.ffneustift.at\/wp-content\/uploads\/2023\/04\/FEDQ6653.jpg\" \/><p class=\"flex-caption\"><\/p><\/a><\/li><li class=\"ewic-slider\"><a href=\"https:\/\/www.ffneustift.at\/wp-content\/uploads\/2023\/04\/KCME1016.jpg\"  rel=\"ewicprettyPhoto[199469f5135c01a2e]\"><img decoding=\"async\"  class=\"ewic-wid-imgs\" src=\"https:\/\/www.ffneustift.at\/wp-content\/uploads\/2023\/04\/KCME1016.jpg\" \/><p class=\"flex-caption\"><\/p><\/a><\/li><li class=\"ewic-slider\"><a href=\"https:\/\/www.ffneustift.at\/wp-content\/uploads\/2023\/04\/ONXA1883.jpg\"  rel=\"ewicprettyPhoto[199469f5135c01a2e]\"><img decoding=\"async\"  class=\"ewic-wid-imgs\" src=\"https:\/\/www.ffneustift.at\/wp-content\/uploads\/2023\/04\/ONXA1883.jpg\" \/><p class=\"flex-caption\"><\/p><\/a><\/li><li class=\"ewic-slider\"><a href=\"https:\/\/www.ffneustift.at\/wp-content\/uploads\/2023\/04\/VXAY4045.jpg\"  rel=\"ewicprettyPhoto[199469f5135c01a2e]\"><img decoding=\"async\"  class=\"ewic-wid-imgs\" src=\"https:\/\/www.ffneustift.at\/wp-content\/uploads\/2023\/04\/VXAY4045.jpg\" \/><p class=\"flex-caption\"><\/p><\/a><\/li><li class=\"ewic-slider\"><a href=\"https:\/\/www.ffneustift.at\/wp-content\/uploads\/2023\/04\/HXUQ9563.jpg\"  rel=\"ewicprettyPhoto[199469f5135c01a2e]\"><img decoding=\"async\"  class=\"ewic-wid-imgs\" src=\"https:\/\/www.ffneustift.at\/wp-content\/uploads\/2023\/04\/HXUQ9563.jpg\" \/><p class=\"flex-caption\"><\/p><\/a><\/li><li class=\"ewic-slider\"><a href=\"https:\/\/www.ffneustift.at\/wp-content\/uploads\/2023\/04\/OEKQ1431.jpg\"  rel=\"ewicprettyPhoto[199469f5135c01a2e]\"><img decoding=\"async\"  class=\"ewic-wid-imgs\" src=\"https:\/\/www.ffneustift.at\/wp-content\/uploads\/2023\/04\/OEKQ1431.jpg\" \/><p class=\"flex-caption\"><\/p><\/a><\/li><li class=\"ewic-slider\"><a href=\"https:\/\/www.ffneustift.at\/wp-content\/uploads\/2023\/04\/NEZZ2870.jpg\"  rel=\"ewicprettyPhoto[199469f5135c01a2e]\"><img decoding=\"async\"  class=\"ewic-wid-imgs\" src=\"https:\/\/www.ffneustift.at\/wp-content\/uploads\/2023\/04\/NEZZ2870.jpg\" \/><p class=\"flex-caption\"><\/p><\/a><\/li><\/ul><script type=\"text\/javascript\">\r\n\tjQuery(document).ready(function($) {\r\n\r\n\t\t$(\"#preloader-199469f5135c01a2e\").fadeOut(500, function () {\r\n\r\n\t\t\t$(\"#ewic-con-199469f5135c01a2e\").addClass(\"ready_to_show\");\r\n\r\n\t\t\t$(\"a[rel^='ewicprettyPhoto[199469f5135c01a2e]']\").ewcPhoto({\r\n\t\t\t\ttheme: \"ewc_default\",\r\n\t\t\t\tallow_expand: false,\r\n\t\t\t\tdeeplinking: false,\r\n\t\t\t\tslideshow:5000,\r\n\t\t\t\tautoplay_slideshow:true,\r\n\t\t\t\tsocial_tools:false\r\n\t\t\t});\r\n\r\n\t\t\t$(\".flexslider-199469f5135c01a2e\").fadeIn(300);\r\n\r\n\t\t\t$(\"#ewic-con-199469f5135c01a2e\").flexslider({\r\n\t\t\t\tanimation: \"slide\",\r\n\t\t\t\tanimationSpeed: 0,\r\n\t\t\t\tuseCSS: false,\r\n\t\t\t\teasing: \"easeInQuad\",\r\n\t\t\t\tdirection: \"horizontal\",\r\n\t\t\t\tslideshow: true,\r\n\t\t\t\tsmoothHeight: true,\r\n\t\t\t\tpauseOnHover: true,\r\n\t\t\t\tcontrolNav: false,\r\n\t\t\t\tprevText: \"\",\r\n\t\t\t\tnextText: \"\",\r\n\t\t\t\trtl: false,\r\n\t\t\t\tslideshowSpeed: 5000,\r\n\t\t\t\tstart: function(slider){\r\n\t\t\t\t\t$(\"#ewic-con-199469f5135c01a2e\").find(\".flex-caption\").hide();\r\n\t\t\t\t\tvar curSlide = slider.find(\"li.flex-active-slide\");\r\n\t\t\t\t\t$(curSlide).find(\".flex-caption\").slideDown();\r\n\t\t\t\t},\r\n\t\t\t\tbefore: function(slider) {\r\n\t\t\t\t\t$(\"#ewic-con-199469f5135c01a2e\").find(\".flex-caption\").slideUp();\r\n\t\t\t\t},\r\n\t\t\t\tafter: function(slider) {\r\n\t\t\t\t\tvar curSlide = slider.find(\"li.flex-active-slide\");\r\n\t\t\t\t\t$(curSlide).find(\".flex-caption\").slideDown();\r\n\t\t\t\t}\r\n\r\n\t\t\t});\r\n\r\n\t\t});\r\n\r\n\t});\r\n<\/script><\/div>\r\n\n","protected":false},"excerpt":{"rendered":"<p>war die Annahme der diesj\u00e4hrigen Unterabschnitts\u00fcbung, die vom Winkler Feuerwehrkommandant Thomas Riedl und seinem Team ausgearbeitet wurde. Bei Eintreffen der Feuerwehren war in der \u00dcbungsannahme bereits ein \u00dcbergreifen der Flammen auf den umliegenden Wald vorgesehen. Als erste Ma\u00dfnahme wurde von den Feuerwehren ein Schaumangriff auf das in Brand geratene Ger\u00e4t, unter Atemschutz, vorgenommen, wobei junge [&hellip;]<\/p>\n","protected":false},"author":1,"featured_media":0,"comment_status":"closed","ping_status":"open","sticky":false,"template":"","format":"standard","meta":{"jetpack_post_was_ever_published":false,"_jetpack_newsletter_access":"","_jetpack_dont_email_post_to_subs":false,"_jetpack_newsletter_tier_id":0,"_jetpack_memberships_contains_paywalled_content":false,"_jetpack_memberships_contains_paid_content":false,"footnotes":"","jetpack_publicize_message":"","jetpack_publicize_feature_enabled":true,"jetpack_social_post_already_shared":true,"jetpack_social_options":{"image_generator_settings":{"template":"highway","default_image_id":0,"font":"","enabled":false},"version":2}},"categories":[1],"tags":[],"class_list":["post-2003","post","type-post","status-publish","format-standard","hentry","category-allgemein"],"jetpack_publicize_connections":[],"jetpack_featured_media_url":"","jetpack_sharing_enabled":true,"jetpack_shortlink":"https:\/\/wp.me\/p9x3fP-wj","_links":{"self":[{"href":"https:\/\/www.ffneustift.at\/index.php?rest_route=\/wp\/v2\/posts\/2003","targetHints":{"allow":["GET"]}}],"collection":[{"href":"https:\/\/www.ffneustift.at\/index.php?rest_route=\/wp\/v2\/posts"}],"about":[{"href":"https:\/\/www.ffneustift.at\/index.php?rest_route=\/wp\/v2\/types\/post"}],"author":[{"embeddable":true,"href":"https:\/\/www.ffneustift.at\/index.php?rest_route=\/wp\/v2\/users\/1"}],"replies":[{"embeddable":true,"href":"https:\/\/www.ffneustift.at\/index.php?rest_route=%2Fwp%2Fv2%2Fcomments&post=2003"}],"version-history":[{"count":2,"href":"https:\/\/www.ffneustift.at\/index.php?rest_route=\/wp\/v2\/posts\/2003\/revisions"}],"predecessor-version":[{"id":2005,"href":"https:\/\/www.ffneustift.at\/index.php?rest_route=\/wp\/v2\/posts\/2003\/revisions\/2005"}],"wp:attachment":[{"href":"https:\/\/www.ffneustift.at\/index.php?rest_route=%2Fwp%2Fv2%2Fmedia&parent=2003"}],"wp:term":[{"taxonomy":"category","embeddable":true,"href":"https:\/\/www.ffneustift.at\/index.php?rest_route=%2Fwp%2Fv2%2Fcategories&post=2003"},{"taxonomy":"post_tag","embeddable":true,"href":"https:\/\/www.ffneustift.at\/index.php?rest_route=%2Fwp%2Fv2%2Ftags&post=2003"}],"curies":[{"name":"wp","href":"https:\/\/api.w.org\/{rel}","templated":true}]}}