{"id":1965,"date":"2023-04-08T15:55:08","date_gmt":"2023-04-08T13:55:08","guid":{"rendered":"https:\/\/www.ffneustift.at\/?p=1965"},"modified":"2023-04-14T15:57:39","modified_gmt":"2023-04-14T13:57:39","slug":"tag-6-der-grundausbildung-in-altenwoerth-wiederholungstag","status":"publish","type":"post","link":"https:\/\/www.ffneustift.at\/?p=1965","title":{"rendered":"Tag 6 der Grundausbildung in Altenw\u00f6rth &#8211; Wiederholungstag"},"content":{"rendered":"\n<p>Heute wurden alle Themen der theoretischen und praktischen Ausbildung noch einmal ge\u00fcbt. Unter gro\u00dfem Aufgebot von Ausbildern des Unterabschnitts, wobei jede Station mit zwei bis drei Kameraden besetzt war, \u00fcbten die Teilnehmer, als Generalprobe f\u00fcr das Modul Abschluss Truppmann, jedes Thema der Basisausbildung durch. Hier gaben die Ausbilder nur mehr den Feinschliff f\u00fcr die Pr\u00fcfung in der kommenden Woche.<\/p>\n\n\n\n<p>Wir w\u00fcnschen den Kameraden viel Erfolg f\u00fcr den kommenden Freitag und bedanken uns bei den Ausbildern f\u00fcr viele Stunden im Dienste der Feuerwehr.<\/p>\n\n\n<div class=\"flexslider ewic-slider-lite is_on_\" id=\"ewic-con-194069f5135bdcab4\"><style>#ewic-con-194069f5135bdcab4 .flex-direction-nav .flex-next, #ewic-con-194069f5135bdcab4 .flex-direction-nav .flex-prev {opacity: 1;} #ewic-con-194069f5135bdcab4 .flex-direction-nav .flex-next {right: 10px !important; text-align: right !important;} #ewic-con-194069f5135bdcab4 .flex-direction-nav .flex-prev {left: 10px !important;}<\/style><div id=\"preloader-194069f5135bdcab4\" class=\"sliderpreloader\"><\/div><ul style=\"display:none;\" class=\"slides flexslider-194069f5135bdcab4\"><li class=\"ewic-slider\"><a href=\"https:\/\/www.ffneustift.at\/wp-content\/uploads\/2023\/04\/AJUC8780.jpg\"  rel=\"ewicprettyPhoto[194069f5135bdcab4]\"><img decoding=\"async\"  class=\"ewic-wid-imgs\" src=\"https:\/\/www.ffneustift.at\/wp-content\/uploads\/2023\/04\/AJUC8780.jpg\" \/><p class=\"flex-caption\"><\/p><\/a><\/li><li class=\"ewic-slider\"><a href=\"https:\/\/www.ffneustift.at\/wp-content\/uploads\/2023\/04\/DQBA0247.jpg\"  rel=\"ewicprettyPhoto[194069f5135bdcab4]\"><img decoding=\"async\"  class=\"ewic-wid-imgs\" src=\"https:\/\/www.ffneustift.at\/wp-content\/uploads\/2023\/04\/DQBA0247.jpg\" \/><p class=\"flex-caption\"><\/p><\/a><\/li><li class=\"ewic-slider\"><a href=\"https:\/\/www.ffneustift.at\/wp-content\/uploads\/2023\/04\/MYOJ1829.jpg\"  rel=\"ewicprettyPhoto[194069f5135bdcab4]\"><img decoding=\"async\"  class=\"ewic-wid-imgs\" src=\"https:\/\/www.ffneustift.at\/wp-content\/uploads\/2023\/04\/MYOJ1829.jpg\" \/><p class=\"flex-caption\"><\/p><\/a><\/li><li class=\"ewic-slider\"><a href=\"https:\/\/www.ffneustift.at\/wp-content\/uploads\/2023\/04\/IEYS3125.jpg\"  rel=\"ewicprettyPhoto[194069f5135bdcab4]\"><img decoding=\"async\"  class=\"ewic-wid-imgs\" src=\"https:\/\/www.ffneustift.at\/wp-content\/uploads\/2023\/04\/IEYS3125.jpg\" \/><p class=\"flex-caption\"><\/p><\/a><\/li><\/ul><script type=\"text\/javascript\">\r\n\tjQuery(document).ready(function($) {\r\n\r\n\t\t$(\"#preloader-194069f5135bdcab4\").fadeOut(500, function () {\r\n\r\n\t\t\t$(\"#ewic-con-194069f5135bdcab4\").addClass(\"ready_to_show\");\r\n\r\n\t\t\t$(\"a[rel^='ewicprettyPhoto[194069f5135bdcab4]']\").ewcPhoto({\r\n\t\t\t\ttheme: \"ewc_default\",\r\n\t\t\t\tallow_expand: false,\r\n\t\t\t\tdeeplinking: false,\r\n\t\t\t\tslideshow:5000,\r\n\t\t\t\tautoplay_slideshow:true,\r\n\t\t\t\tsocial_tools:false\r\n\t\t\t});\r\n\r\n\t\t\t$(\".flexslider-194069f5135bdcab4\").fadeIn(300);\r\n\r\n\t\t\t$(\"#ewic-con-194069f5135bdcab4\").flexslider({\r\n\t\t\t\tanimation: \"slide\",\r\n\t\t\t\tanimationSpeed: 0,\r\n\t\t\t\tuseCSS: false,\r\n\t\t\t\teasing: \"easeInQuad\",\r\n\t\t\t\tdirection: \"horizontal\",\r\n\t\t\t\tslideshow: true,\r\n\t\t\t\tsmoothHeight: true,\r\n\t\t\t\tpauseOnHover: true,\r\n\t\t\t\tcontrolNav: false,\r\n\t\t\t\tprevText: \"\",\r\n\t\t\t\tnextText: \"\",\r\n\t\t\t\trtl: false,\r\n\t\t\t\tslideshowSpeed: 5000,\r\n\t\t\t\tstart: function(slider){\r\n\t\t\t\t\t$(\"#ewic-con-194069f5135bdcab4\").find(\".flex-caption\").hide();\r\n\t\t\t\t\tvar curSlide = slider.find(\"li.flex-active-slide\");\r\n\t\t\t\t\t$(curSlide).find(\".flex-caption\").slideDown();\r\n\t\t\t\t},\r\n\t\t\t\tbefore: function(slider) {\r\n\t\t\t\t\t$(\"#ewic-con-194069f5135bdcab4\").find(\".flex-caption\").slideUp();\r\n\t\t\t\t},\r\n\t\t\t\tafter: function(slider) {\r\n\t\t\t\t\tvar curSlide = slider.find(\"li.flex-active-slide\");\r\n\t\t\t\t\t$(curSlide).find(\".flex-caption\").slideDown();\r\n\t\t\t\t}\r\n\r\n\t\t\t});\r\n\r\n\t\t});\r\n\r\n\t});\r\n<\/script><\/div>\r\n\n","protected":false},"excerpt":{"rendered":"<p>Heute wurden alle Themen der theoretischen und praktischen Ausbildung noch einmal ge\u00fcbt. Unter gro\u00dfem Aufgebot von Ausbildern des Unterabschnitts, wobei jede Station mit zwei bis drei Kameraden besetzt war, \u00fcbten die Teilnehmer, als Generalprobe f\u00fcr das Modul Abschluss Truppmann, jedes Thema der Basisausbildung durch. Hier gaben die Ausbilder nur mehr den Feinschliff f\u00fcr die Pr\u00fcfung [&hellip;]<\/p>\n","protected":false},"author":1,"featured_media":0,"comment_status":"closed","ping_status":"open","sticky":false,"template":"","format":"standard","meta":{"jetpack_post_was_ever_published":false,"_jetpack_newsletter_access":"","_jetpack_dont_email_post_to_subs":false,"_jetpack_newsletter_tier_id":0,"_jetpack_memberships_contains_paywalled_content":false,"_jetpack_memberships_contains_paid_content":false,"footnotes":"","jetpack_publicize_message":"","jetpack_publicize_feature_enabled":true,"jetpack_social_post_already_shared":true,"jetpack_social_options":{"image_generator_settings":{"template":"highway","default_image_id":0,"font":"","enabled":false},"version":2}},"categories":[1],"tags":[],"class_list":["post-1965","post","type-post","status-publish","format-standard","hentry","category-allgemein"],"jetpack_publicize_connections":[],"jetpack_featured_media_url":"","jetpack_sharing_enabled":true,"jetpack_shortlink":"https:\/\/wp.me\/p9x3fP-vH","_links":{"self":[{"href":"https:\/\/www.ffneustift.at\/index.php?rest_route=\/wp\/v2\/posts\/1965","targetHints":{"allow":["GET"]}}],"collection":[{"href":"https:\/\/www.ffneustift.at\/index.php?rest_route=\/wp\/v2\/posts"}],"about":[{"href":"https:\/\/www.ffneustift.at\/index.php?rest_route=\/wp\/v2\/types\/post"}],"author":[{"embeddable":true,"href":"https:\/\/www.ffneustift.at\/index.php?rest_route=\/wp\/v2\/users\/1"}],"replies":[{"embeddable":true,"href":"https:\/\/www.ffneustift.at\/index.php?rest_route=%2Fwp%2Fv2%2Fcomments&post=1965"}],"version-history":[{"count":1,"href":"https:\/\/www.ffneustift.at\/index.php?rest_route=\/wp\/v2\/posts\/1965\/revisions"}],"predecessor-version":[{"id":1966,"href":"https:\/\/www.ffneustift.at\/index.php?rest_route=\/wp\/v2\/posts\/1965\/revisions\/1966"}],"wp:attachment":[{"href":"https:\/\/www.ffneustift.at\/index.php?rest_route=%2Fwp%2Fv2%2Fmedia&parent=1965"}],"wp:term":[{"taxonomy":"category","embeddable":true,"href":"https:\/\/www.ffneustift.at\/index.php?rest_route=%2Fwp%2Fv2%2Fcategories&post=1965"},{"taxonomy":"post_tag","embeddable":true,"href":"https:\/\/www.ffneustift.at\/index.php?rest_route=%2Fwp%2Fv2%2Ftags&post=1965"}],"curies":[{"name":"wp","href":"https:\/\/api.w.org\/{rel}","templated":true}]}}